{"id":11058,"date":"2018-02-05T00:15:41","date_gmt":"2018-02-05T00:15:41","guid":{"rendered":"http:\/\/centralmedia.rs\/?p=11058"},"modified":"2018-02-05T00:15:41","modified_gmt":"2018-02-05T00:15:41","slug":"izlozba-u-cuprijskom-zatvoru","status":"publish","type":"post","link":"https:\/\/centralmedia.rs\/index.php\/2018\/02\/05\/izlozba-u-cuprijskom-zatvoru\/","title":{"rendered":"IZLO\u017dBA U \u0106UPRIJSKOM ZATVORU"},"content":{"rendered":"<p>\u0106UPRIJA-U Kazneno-popravnom zavodu u \u0106upriji u \u010detvrtak 8. februara u 17 sati bi\u0107e otvorena izlo\u017eba ,,\u0106uprija i srednje Pomoravlje u Srpsko-Turskim ratovima 1876-1878. godine&#8221;. Izlo\u017ebi \u0107e prisustvovati autori Du\u0161ko Grbovi\u0107 i Ninoslav Stanojlovi\u0107, kao i istori\u010dar Dejan Tani\u0107.<\/p>\n","protected":false},"excerpt":{"rendered":"<p>\u0106UPRIJA-U Kazneno-popravnom zavodu u \u0106upriji u \u010detvrtak 8. februara u 17 sati bi\u0107e otvorena izlo\u017eba ,,\u0106uprija i srednje Pomoravlje u Srpsko-Turskim ratovima 1876-1878. godine&#8221;. Izlo\u017ebi &hellip; <\/p>\n","protected":false},"author":4,"featured_media":11059,"comment_status":"open","ping_status":"open","sticky":false,"template":"","format":"standard","meta":{"footnotes":""},"categories":[1515,1524,2,15,12],"tags":[44,649,409],"_links":{"self":[{"href":"https:\/\/centralmedia.rs\/index.php\/wp-json\/wp\/v2\/posts\/11058"}],"collection":[{"href":"https:\/\/centralmedia.rs\/index.php\/wp-json\/wp\/v2\/posts"}],"about":[{"href":"https:\/\/centralmedia.rs\/index.php\/wp-json\/wp\/v2\/types\/post"}],"author":[{"embeddable":true,"href":"https:\/\/centralmedia.rs\/index.php\/wp-json\/wp\/v2\/users\/4"}],"replies":[{"embeddable":true,"href":"https:\/\/centralmedia.rs\/index.php\/wp-json\/wp\/v2\/comments?post=11058"}],"version-history":[{"count":1,"href":"https:\/\/centralmedia.rs\/index.php\/wp-json\/wp\/v2\/posts\/11058\/revisions"}],"predecessor-version":[{"id":11060,"href":"https:\/\/centralmedia.rs\/index.php\/wp-json\/wp\/v2\/posts\/11058\/revisions\/11060"}],"wp:featuredmedia":[{"embeddable":true,"href":"https:\/\/centralmedia.rs\/index.php\/wp-json\/wp\/v2\/media\/11059"}],"wp:attachment":[{"href":"https:\/\/centralmedia.rs\/index.php\/wp-json\/wp\/v2\/media?parent=11058"}],"wp:term":[{"taxonomy":"category","embeddable":true,"href":"https:\/\/centralmedia.rs\/index.php\/wp-json\/wp\/v2\/categories?post=11058"},{"taxonomy":"post_tag","embeddable":true,"href":"https:\/\/centralmedia.rs\/index.php\/wp-json\/wp\/v2\/tags?post=11058"}],"curies":[{"name":"wp","href":"https:\/\/api.w.org\/{rel}","templated":true}]}}