{"id":11093,"date":"2018-02-11T23:54:59","date_gmt":"2018-02-11T23:54:59","guid":{"rendered":"http:\/\/centralmedia.rs\/?p=11093"},"modified":"2018-02-11T23:54:59","modified_gmt":"2018-02-11T23:54:59","slug":"ninoslav-eric-potpredsednik-io-naled-objavili-smo-10-izdanje-sive-knjige-100-preporuka-za-vladu-srbije","status":"publish","type":"post","link":"https:\/\/centralmedia.rs\/index.php\/2018\/02\/11\/ninoslav-eric-potpredsednik-io-naled-objavili-smo-10-izdanje-sive-knjige-100-preporuka-za-vladu-srbije\/","title":{"rendered":"Ninoslav Eri\u0107, potpredsednik IO NALED &#8211; \u201eObjavili smo 10. izdanje \u2019Sive knjige\u2019 i 100 preporuka za Vladu Srbije.\u201c"},"content":{"rendered":"<p>Nacionalna alijansa za lokalni ekonomski razvoj (NALED) odr\u017eala je Godi\u0161nju konferenciju na kojoj je predstavljena \u201eSiva knjiga 10\u201c pod nazivom \u201ePravac reformi 2018\u201c. Ova godi\u0161nja publikacija identifikuje klju\u010dne administrativne prepreke u poslovanju u Srbiji i daje konkretne predloge Vladi i nadle\u017enim institucijama za njihovo prevazila\u017eenje. NALED je i na ovoj konferenciji uru\u010dio priznanje \u201eReformator godine\u201c, koje je ovog puta dodeljeno Du\u0161anu Vujovi\u0107u, ministru finansija.<\/p>\n<p>Potpredsednik Izvr\u0161nog odbora NALED-a Ninoslav Eri\u0107 istakao je, kao priorite Sive knjige za 2018. godinu, smanjenje poreza i doprinosa na zarade, uspostavljanje javnog registra neporeskih nameta, uvo\u0111enje elektronske prijave sezonskih radnika, unapre\u0111enje upisa u katastar, a tako\u0111e je potvrdio da su \u010dlanovi NALED-a uvideli kako u godini pred nama treba raditi i na uvo\u0111enju elektronskog arhiviranja poslovne dokumentacije i izjedna\u010davanju cena komunalnih usluga za gra\u0111ane i privredu.<\/p>\n<p>Ina\u010de, Upravni odbor NALED-a priznanje \u201eReformator godine\u201c dodelio je Du\u0161anu Vujovi\u0107u za, kako je navedeno, \u201epostignute rezultate tokom 2017. godine u domenu suzbijanja sive ekonomije, reforme neporeskih nameta i stvaranja podsticajnih uslova za razvoj preduzetni\u0161tva\u201c. Kroz aktivnosti na realizaciji Nacionalnog programa za suzbijanje sive ekonomije i fiskalnu konsolidaciju, ministar je doprineo da planovi naplate poreza dve godine zaredom budu prema\u0161eni, uz ostvarivanje bud\u017eetskog suficita koji je ostavio prostor za finansiranje mera ekonomskog razvoja, stoji izme\u0111u ostalog u obrazlo\u017eenju odluke o dodeli priznanja \u201eReformator godine\u201c.<\/p>\n<p>Da je uspostavljanje registra neporeskih nameta cilj ne samo NALED-a, potvrdio je i ministar Vujovi\u0107 govore\u0107i na Godi\u0161njoj konferenciji Nacionalne alijanse za lokalni ekonomski razvoj.<\/p>\n<p>-Cilj reforme neporeskih nameta jeste da evidentiramo sve takse i naknade i privredi obezbedimo predvidivost poslovanja. Intenzivno radimo na tome da Zakon o naknadama usvojimo tokom ove godine i da budemo spremni za primenu od 1. januara 2019. godine. Nakon toga pripremi\u0107emo registar svih nameta koji \u0107e biti javno dostupan i svaki investitor mo\u0107i \u0107e da dobije spisak naknada koje je obavezan da plati \u2013 rekao je izme\u0111u ostalog ministar Vujovi\u0107, zahvaliv\u0161i se pritom na nagradi koja je po njemu \u201erezultat timskog rada\u201c.<\/p>\n","protected":false},"excerpt":{"rendered":"<p>Nacionalna alijansa za lokalni ekonomski razvoj (NALED) odr\u017eala je Godi\u0161nju konferenciju na kojoj je predstavljena \u201eSiva knjiga 10\u201c pod nazivom \u201ePravac reformi 2018\u201c. Ova godi\u0161nja &hellip; <\/p>\n","protected":false},"author":4,"featured_media":11094,"comment_status":"open","ping_status":"open","sticky":false,"template":"","format":"standard","meta":{"footnotes":""},"categories":[1515,1524,2,13,12],"tags":[44,2619,759],"_links":{"self":[{"href":"https:\/\/centralmedia.rs\/index.php\/wp-json\/wp\/v2\/posts\/11093"}],"collection":[{"href":"https:\/\/centralmedia.rs\/index.php\/wp-json\/wp\/v2\/posts"}],"about":[{"href":"https:\/\/centralmedia.rs\/index.php\/wp-json\/wp\/v2\/types\/post"}],"author":[{"embeddable":true,"href":"https:\/\/centralmedia.rs\/index.php\/wp-json\/wp\/v2\/users\/4"}],"replies":[{"embeddable":true,"href":"https:\/\/centralmedia.rs\/index.php\/wp-json\/wp\/v2\/comments?post=11093"}],"version-history":[{"count":1,"href":"https:\/\/centralmedia.rs\/index.php\/wp-json\/wp\/v2\/posts\/11093\/revisions"}],"predecessor-version":[{"id":11095,"href":"https:\/\/centralmedia.rs\/index.php\/wp-json\/wp\/v2\/posts\/11093\/revisions\/11095"}],"wp:featuredmedia":[{"embeddable":true,"href":"https:\/\/centralmedia.rs\/index.php\/wp-json\/wp\/v2\/media\/11094"}],"wp:attachment":[{"href":"https:\/\/centralmedia.rs\/index.php\/wp-json\/wp\/v2\/media?parent=11093"}],"wp:term":[{"taxonomy":"category","embeddable":true,"href":"https:\/\/centralmedia.rs\/index.php\/wp-json\/wp\/v2\/categories?post=11093"},{"taxonomy":"post_tag","embeddable":true,"href":"https:\/\/centralmedia.rs\/index.php\/wp-json\/wp\/v2\/tags?post=11093"}],"curies":[{"name":"wp","href":"https:\/\/api.w.org\/{rel}","templated":true}]}}