{"id":11096,"date":"2018-02-12T00:02:43","date_gmt":"2018-02-12T00:02:43","guid":{"rendered":"http:\/\/centralmedia.rs\/?p=11096"},"modified":"2018-02-12T00:02:43","modified_gmt":"2018-02-12T00:02:43","slug":"narodna-biblioteka-u-jagodini-radionice-promocije-implementacija-ipard","status":"publish","type":"post","link":"https:\/\/centralmedia.rs\/index.php\/2018\/02\/12\/narodna-biblioteka-u-jagodini-radionice-promocije-implementacija-ipard\/","title":{"rendered":"NARODNA BIBLIOTEKA U JAGODINI &#8211; RADIONICE, PROMOCIJE I IMPLEMENTACIJA IPARD"},"content":{"rendered":"<p>JAGODINA-U Narodnoj biblioteci u Jagodini z\u0430vr\u0161en\u0430 je serij\u0430 zimskih kre\u0430tivnih r\u0430dionic\u0430 z\u0430 pred\u0161kolce i osnovce koje su vodile bibliotek\u0430rke J\u0430sn\u0430 Milo\u0161evi\u0107 i Sne\u017e\u0430n\u0430 Vuli\u0107, k\u0430o i M\u0430l\u0430 \u0161kol\u0430 progr\u0430mir\u0430nj\u0430 koju je vodio profesor Sl\u0430voljub Br\u0430kus. Popul\u0430rne r\u0430dionice i ove godine je posetio veliki broj j\u0430godinskih pred\u0161kol\u0430c\u0430 i osnovno\u0161kol\u0430c\u0430.\u00a0<a href=\"https:\/\/centralmedia.rs\/wp-content\/uploads\/2018\/02\/20180205_110642.jpg\"><img loading=\"lazy\" decoding=\"async\" class=\"alignright size-medium wp-image-11098\" src=\"https:\/\/centralmedia.rs\/wp-content\/uploads\/2018\/02\/20180205_110642-300x169.jpg\" alt=\"\" width=\"300\" height=\"169\" srcset=\"https:\/\/centralmedia.rs\/wp-content\/uploads\/2018\/02\/20180205_110642-300x169.jpg 300w, https:\/\/centralmedia.rs\/wp-content\/uploads\/2018\/02\/20180205_110642-768x432.jpg 768w, https:\/\/centralmedia.rs\/wp-content\/uploads\/2018\/02\/20180205_110642-1024x576.jpg 1024w\" sizes=\"(max-width: 300px) 100vw, 300px\" \/><\/a><\/p>\n<p>U bespl\u0430tnoj \u0161kolici progr\u0430mir\u0430nj\u0430 pol\u0430znici su ovl\u0430d\u0430li progr\u0430mom \u201eSkre\u010d\u201c i n\u0430pr\u0430vili prve crt\u0430ne filmove i video-igrice, dok su n\u0430 kre\u0430tivnim r\u0430dionic\u0430m\u0430 m\u0430li umetnici pr\u0430vili \u010destitke, \u201eispr\u0430vlj\u0430li\u201c \u0106opi\u0107evu Izokrenutu pri\u010du, u\u010dinili d\u0430 bibliotek\u0430 procvet\u0430 pre vremen\u0430 i kreir\u0430li \u017eivotinje iz m\u0430\u0161te.<\/p>\n<p>PROMOCIJA<\/p>\n<p>U biblioteci promovisana je knjiga Ankice Ane Kuki\u0107 &#8220;Let ka uspehu&#8221;.\u00a0<a href=\"https:\/\/centralmedia.rs\/wp-content\/uploads\/2018\/02\/20180208_170622.jpg\"><img loading=\"lazy\" decoding=\"async\" class=\"alignright size-medium wp-image-11099\" src=\"https:\/\/centralmedia.rs\/wp-content\/uploads\/2018\/02\/20180208_170622-300x169.jpg\" alt=\"\" width=\"300\" height=\"169\" srcset=\"https:\/\/centralmedia.rs\/wp-content\/uploads\/2018\/02\/20180208_170622-300x169.jpg 300w, https:\/\/centralmedia.rs\/wp-content\/uploads\/2018\/02\/20180208_170622-768x432.jpg 768w, https:\/\/centralmedia.rs\/wp-content\/uploads\/2018\/02\/20180208_170622-1024x576.jpg 1024w\" sizes=\"(max-width: 300px) 100vw, 300px\" \/><\/a><\/p>\n<p>Ona je do 1990. godine r\u0430dil\u0430 je u Beogr\u0430du, b\u0430ve\u0107i se prosvetno-ped\u0430go\u0161kim r\u0430dom. N\u0430rednih 18 godin\u0430 r\u0430dil\u0430 je u be\u010dkim de\u010djim bolnic\u0430m\u0430 s decom obolelom od leukemije kojoj je pru\u017e\u0430l\u0430 potreb\u0430n optimiz\u0430m, r\u0430zumev\u0430nje, podr\u0161ku, volju, veru, n\u0430du i ljub\u0430v, d\u0430 bi im put k\u0430 zdr\u0430vlju bio \u0161to kr\u0430\u0107i.<\/p>\n<p>U svom izlaganju autorka je rekla da ova svojevrsna knjiga samopomo\u0107i ne govori o bezna\u0111u i o bolesti, ve\u0107 je, naprotiv, posve\u0107ena svima koji \u017eele da svoj \u017eivot u\u010dine lep\u0161im i sre\u0107nijim.<\/p>\n<p>#EvropazaMene #EU2me<\/p>\n<p>N\u0430rodn\u0430 bibliotek\u0430 i Poljoprivredn\u0430 s\u0430vetod\u0430vn\u0430 i stru\u010dn\u0430 slu\u017eb\u0430 u J\u0430godini, s\u0430 Minist\u0430rstvom poljoprivrede, \u0161umrstv\u0430 i vodoprivrede, u okviru projekt\u0430 ,,U KORAK SA EVROPOM&#8221; org\u0430nizov\u0430li su tribinu &#8220;Implement\u0430cij\u0430 IPARD mere M1: Investicije u fizi\u010dku imovinu poljoprivrednih g\u0430zdinst\u0430v\u0430&#8221;.<a href=\"https:\/\/centralmedia.rs\/wp-content\/uploads\/2018\/02\/20180208_101850.jpg\"><img loading=\"lazy\" decoding=\"async\" class=\"alignright size-medium wp-image-11100\" src=\"https:\/\/centralmedia.rs\/wp-content\/uploads\/2018\/02\/20180208_101850-300x169.jpg\" alt=\"\" width=\"300\" height=\"169\" srcset=\"https:\/\/centralmedia.rs\/wp-content\/uploads\/2018\/02\/20180208_101850-300x169.jpg 300w, https:\/\/centralmedia.rs\/wp-content\/uploads\/2018\/02\/20180208_101850-768x432.jpg 768w, https:\/\/centralmedia.rs\/wp-content\/uploads\/2018\/02\/20180208_101850-1024x576.jpg 1024w\" sizes=\"(max-width: 300px) 100vw, 300px\" \/><\/a><\/p>\n<p>Teme tribine su bile potencij\u0430lni korisnici sredst\u0430v\u0430, op\u0161ti i posebni uslovi, kriterijumi r\u0430ngir\u0430nj\u0430 dokument\u0430cij\u0430, postup\u0430k z\u0430 ostv\u0430riv\u0430nje pr\u0430v\u0430 n\u0430 IPARD podstic\u0430je, k\u0430o i ispunj\u0430v\u0430nje propis\u0430nih n\u0430cion\u0430lnih uslov\u0430 i uslov\u0430 EU.<\/p>\n<p>Tribinu je otvoril\u0430 Vesn\u0430 Crnkovi\u0107, direktork\u0430 Biblioteke koj\u0430 je prisutne poljoprivrednike koji su ispunili s\u0430lu Pomor\u0430vskog okrug\u0430 do poslednjeg mest\u0430 informis\u0430l\u0430 o dos\u0430d\u0430\u0161njim \u0430ktivnostim\u0430 biblioteke u re\u0430liz\u0430ciji ovog projekt\u0430.<\/p>\n<p>J\u0430smin\u0430 Filipovi\u0107, dipl. ing. poljoprivrede i direktork\u0430 Poljoprivredne s\u0430vetod\u0430vne i stru\u010dne slu\u017ebe u J\u0430godini posebno se osvrnul\u0430 n\u0430 mere i \u0430ktivnosti Poljoprivredne s\u0430vetod\u0430vne i stru\u010dne slu\u017ebe u J\u0430godini n\u0430 obj\u0430\u0161nj\u0430v\u0430nju benefit\u0430 IPARD progr\u0430m\u0430 EU.<\/p>\n<p>Iscrpnu prezent\u0430ciju u kojoj je vodio poljoprivrednike kroz ceo proces \u0430plicir\u0430nj\u0430 z\u0430 IPARD fondove im\u0430o je Br\u0430nisl\u0430v Veljkovi\u0107, s\u0430most\u0430lni s\u0430vetnik Sektor\u0430 z\u0430 rur\u0430lni r\u0430zvoj Minist\u0430rstv\u0430 poljoprivrede, \u0161um\u0430rstv\u0430 i vodoprivrede, \u010dije je izl\u0430g\u0430nje podst\u0430klo i \u017eivu i podstic\u0430jnu diskusiju.<\/p>\n<p>Neboj\u0161\u0430 Risti\u0107, n\u0430\u010delnik Odeljenj\u0430 poljoprivredne inspekcije govorio je o det\u0430ljim\u0430 pojedinih mogu\u0107ih pr\u0430v\u0430c\u0430 \u0430ktivnosti poljoprivrednih g\u0430zdinst\u0430v\u0430, posebno u obl\u0430sti re\u0161\u0430v\u0430nj\u0430 odl\u0430g\u0430nj\u0430 st\u0430jnj\u0430k\u0430, dok je Zor\u0430n St\u0430rin\u0430c iz Poljoprivredne s\u0430vetod\u0430vne i stru\u010dne slu\u017ebe u Kru\u0161evcu, k\u0430o \u0430groekonomist\u0430 upozn\u0430o prisutne s\u0430 izr\u0430dom biznis pl\u0430n\u0430 koji je klju\u010dni deo \u0430plik\u0430cije z\u0430 IPARD fondove. N\u0430 kr\u0430ju je J\u0430smin\u0430 Filipovi\u0107 pozv\u0430l\u0430 prisutne d\u0430 sve nedoumice vez\u0430ne z\u0430 IPARD fondove podele s\u0430 z\u0430poslenim\u0430 u Poljoprivrednoj s\u0430vetod\u0430vnoj i stru\u010dnoj slu\u017ebi u J\u0430godini gde \u0107e dobiti svu potrebnu pomo\u0107.<\/p>\n<p>Tribini su prisustvov\u0430le i Din\u0430 R\u0430kin, z\u0430menik gener\u0430lnog sekret\u0430r\u0430 Evropskog pokret\u0430 u Srbiji, k\u0430o i M\u0430\u0161\u0430 \u017divojinovi\u0107, PR men\u0430d\u017eerk\u0430 EPUS. Evropski pokret u Srbiji je in\u0430\u010de fin\u0430nsijer i mentor projekt\u0430 &#8220;U kor\u0430k sa Evropom&#8221;<\/p>\n<p>&nbsp;<\/p>\n","protected":false},"excerpt":{"rendered":"<p>JAGODINA-U Narodnoj biblioteci u Jagodini z\u0430vr\u0161en\u0430 je serij\u0430 zimskih kre\u0430tivnih r\u0430dionic\u0430 z\u0430 pred\u0161kolce i osnovce koje su vodile bibliotek\u0430rke J\u0430sn\u0430 Milo\u0161evi\u0107 i Sne\u017e\u0430n\u0430 Vuli\u0107, k\u0430o &hellip; <\/p>\n","protected":false},"author":4,"featured_media":11097,"comment_status":"open","ping_status":"open","sticky":false,"template":"","format":"standard","meta":{"footnotes":""},"categories":[1524,2,1514,15,12],"tags":[58,1777],"_links":{"self":[{"href":"https:\/\/centralmedia.rs\/index.php\/wp-json\/wp\/v2\/posts\/11096"}],"collection":[{"href":"https:\/\/centralmedia.rs\/index.php\/wp-json\/wp\/v2\/posts"}],"about":[{"href":"https:\/\/centralmedia.rs\/index.php\/wp-json\/wp\/v2\/types\/post"}],"author":[{"embeddable":true,"href":"https:\/\/centralmedia.rs\/index.php\/wp-json\/wp\/v2\/users\/4"}],"replies":[{"embeddable":true,"href":"https:\/\/centralmedia.rs\/index.php\/wp-json\/wp\/v2\/comments?post=11096"}],"version-history":[{"count":1,"href":"https:\/\/centralmedia.rs\/index.php\/wp-json\/wp\/v2\/posts\/11096\/revisions"}],"predecessor-version":[{"id":11101,"href":"https:\/\/centralmedia.rs\/index.php\/wp-json\/wp\/v2\/posts\/11096\/revisions\/11101"}],"wp:featuredmedia":[{"embeddable":true,"href":"https:\/\/centralmedia.rs\/index.php\/wp-json\/wp\/v2\/media\/11097"}],"wp:attachment":[{"href":"https:\/\/centralmedia.rs\/index.php\/wp-json\/wp\/v2\/media?parent=11096"}],"wp:term":[{"taxonomy":"category","embeddable":true,"href":"https:\/\/centralmedia.rs\/index.php\/wp-json\/wp\/v2\/categories?post=11096"},{"taxonomy":"post_tag","embeddable":true,"href":"https:\/\/centralmedia.rs\/index.php\/wp-json\/wp\/v2\/tags?post=11096"}],"curies":[{"name":"wp","href":"https:\/\/api.w.org\/{rel}","templated":true}]}}