{"id":11105,"date":"2018-02-12T23:51:38","date_gmt":"2018-02-12T23:51:38","guid":{"rendered":"http:\/\/centralmedia.rs\/?p=11105"},"modified":"2018-02-12T23:52:02","modified_gmt":"2018-02-12T23:52:02","slug":"udruzenje-silvan-iz-paracina-lovac-sacmarom-upucao-komsijskog-psa","status":"publish","type":"post","link":"https:\/\/centralmedia.rs\/index.php\/2018\/02\/12\/udruzenje-silvan-iz-paracina-lovac-sacmarom-upucao-komsijskog-psa\/","title":{"rendered":"UDRU\u017dENJE SILVAN IZ PARA\u0106INA &#8211; LOVAC SA\u010cMAROM UPUCAO KOM\u0160IJSKOG PSA"},"content":{"rendered":"<p>PARA\u0106IN-\u010clanica Udru\u017eenje za za\u0161titu \u017eivotinja i prirode Silvan iz Para\u0107ina u osnivanju Bla\u017eenka Luki\u0107 kazala je da je u selu Rataru lovac sa\u010dmarom upucao kom\u0161ijskog psa, policija obavila uvi\u0111aj i u toku je postupak.<a href=\"https:\/\/centralmedia.rs\/wp-content\/uploads\/2018\/02\/pas.jpg\"><img loading=\"lazy\" decoding=\"async\" class=\"alignright size-medium wp-image-11107\" src=\"https:\/\/centralmedia.rs\/wp-content\/uploads\/2018\/02\/pas-224x300.jpg\" alt=\"\" width=\"224\" height=\"300\" srcset=\"https:\/\/centralmedia.rs\/wp-content\/uploads\/2018\/02\/pas-224x300.jpg 224w, https:\/\/centralmedia.rs\/wp-content\/uploads\/2018\/02\/pas-768x1029.jpg 768w, https:\/\/centralmedia.rs\/wp-content\/uploads\/2018\/02\/pas-764x1024.jpg 764w, https:\/\/centralmedia.rs\/wp-content\/uploads\/2018\/02\/pas.jpg 848w\" sizes=\"(max-width: 224px) 100vw, 224px\" \/><\/a><\/p>\n<p>-\u017delimo da o doga\u0111aju javnost sazna, jer uzeti pu\u0161ku i pucati nije ni malo naivna situacija. Re\u010d je lovcu, koji ne mo\u017ee da staforda i pit bula, doma\u0107i pas, mlad, ljubimac, koji je \u010duvan u ku\u0107i, imao je boks u dvori\u0161tu. Tog jutra kom\u0161ika je zaboravila kapiju da zatvori i pas je istr\u010dao na njivu preko puta ku\u0107e, igrao se sa psima koji su prolazili. Nije nikog napadao. Vlasnica je krenula prema njemu da ga pozove, ali kom\u0161ija je sa pu\u0161kom iza\u0161ao isrped svoje kapije i pucao dva puta u psa, koji je od povreda uginuo, objasnila je ona.<\/p>\n<p>Marina i Sa\u0161a Krsti\u0107, vlasnici psa, prijavili su slu\u010daj policiji.<\/p>\n","protected":false},"excerpt":{"rendered":"<p>PARA\u0106IN-\u010clanica Udru\u017eenje za za\u0161titu \u017eivotinja i prirode Silvan iz Para\u0107ina u osnivanju Bla\u017eenka Luki\u0107 kazala je da je u selu Rataru lovac sa\u010dmarom upucao kom\u0161ijskog &hellip; <\/p>\n","protected":false},"author":4,"featured_media":11106,"comment_status":"open","ping_status":"open","sticky":false,"template":"","format":"standard","meta":{"footnotes":""},"categories":[1524,20,2,1516],"tags":[2575,156,61],"_links":{"self":[{"href":"https:\/\/centralmedia.rs\/index.php\/wp-json\/wp\/v2\/posts\/11105"}],"collection":[{"href":"https:\/\/centralmedia.rs\/index.php\/wp-json\/wp\/v2\/posts"}],"about":[{"href":"https:\/\/centralmedia.rs\/index.php\/wp-json\/wp\/v2\/types\/post"}],"author":[{"embeddable":true,"href":"https:\/\/centralmedia.rs\/index.php\/wp-json\/wp\/v2\/users\/4"}],"replies":[{"embeddable":true,"href":"https:\/\/centralmedia.rs\/index.php\/wp-json\/wp\/v2\/comments?post=11105"}],"version-history":[{"count":2,"href":"https:\/\/centralmedia.rs\/index.php\/wp-json\/wp\/v2\/posts\/11105\/revisions"}],"predecessor-version":[{"id":11109,"href":"https:\/\/centralmedia.rs\/index.php\/wp-json\/wp\/v2\/posts\/11105\/revisions\/11109"}],"wp:featuredmedia":[{"embeddable":true,"href":"https:\/\/centralmedia.rs\/index.php\/wp-json\/wp\/v2\/media\/11106"}],"wp:attachment":[{"href":"https:\/\/centralmedia.rs\/index.php\/wp-json\/wp\/v2\/media?parent=11105"}],"wp:term":[{"taxonomy":"category","embeddable":true,"href":"https:\/\/centralmedia.rs\/index.php\/wp-json\/wp\/v2\/categories?post=11105"},{"taxonomy":"post_tag","embeddable":true,"href":"https:\/\/centralmedia.rs\/index.php\/wp-json\/wp\/v2\/tags?post=11105"}],"curies":[{"name":"wp","href":"https:\/\/api.w.org\/{rel}","templated":true}]}}