{"id":11112,"date":"2018-02-14T07:37:02","date_gmt":"2018-02-14T07:37:02","guid":{"rendered":"http:\/\/centralmedia.rs\/?p=11112"},"modified":"2018-02-14T07:50:14","modified_gmt":"2018-02-14T07:50:14","slug":"saopstenje-nove-stranke-povodom-milionske-tuzbe-grada-jagodina-protiv-novinara-gorana-jevremovica-mesecnik-moravske-vesti","status":"publish","type":"post","link":"https:\/\/centralmedia.rs\/index.php\/2018\/02\/14\/saopstenje-nove-stranke-povodom-milionske-tuzbe-grada-jagodina-protiv-novinara-gorana-jevremovica-mesecnik-moravske-vesti\/","title":{"rendered":"NOVA STRANKA ZAHTEVA OD GRADA JAGODINA POVLA\u010cENJE MILIONSKE TU\u017dBE PROTIV NOVINARA GORANA JEVREMOVI\u0106A I MESE\u010cNIKA MORAVSKE VESTI"},"content":{"rendered":"<p>JAGODINA-Jagodinski odbor Nove stranka zahteva od grada Jagodina da povu\u010de milionsku tu\u017ebu protiv novinara Gorana Jevremovi\u0107a i mese\u010dnika Morvske vesti, te da se svim medijima omogu\u0107i ravnopravan tretman, odnosno da nepristrasno, blagovremeno i objektivno obave\u0161tavaju gra\u0111ane.<\/p>\n<p>-Najo\u0161trije osu\u0111ujemo pritiske lokalne samouprave Jagodina koji se sprovode nad novinarom Goranom Jevremovi\u0107em, vlasnikom portala Central media i mese\u010dnika Moravske vesti. Pritisci koji se primenjuju nad novinarom jesu direktan atak na slobodu medija i javnu re\u010d, stoji u dana\u0161njem saop\u0161tenju te stranke.<\/p>\n<p>-Nova stranka tra\u017ei od lokalnih \u010delnika da povuku tu\u017ebu protiv novinara i medija, da omogu\u0107e svim medijima da nepristrasno, blagovremeno i objektivno obave\u0161tavanje gra\u0111ana. Tu\u017ebeni zahtev od milion dinara koji je podnela lokalna samouprava protiv novinara i medija odnosi se na pretrpljenu materijalnu i nematerijalnu \u0161tetu koju je pretrpeo Grad objavljivanjem izve\u0161taja DRI u mese\u010dniku Moravske vesti. Najve\u0107i du\u0161evni bol Jagodine jeste hara\u010d koji lokalna samouprava Jagodine nanosi gra\u0111anima svojim bahatim pona\u0161anjem i zastra\u0161ivanjem, isti\u010de se su tom saop\u0161tenju.<\/p>\n<p>&nbsp;<\/p>\n<p>&nbsp;<\/p>\n","protected":false},"excerpt":{"rendered":"<p>JAGODINA-Jagodinski odbor Nove stranka zahteva od grada Jagodina da povu\u010de milionsku tu\u017ebu protiv novinara Gorana Jevremovi\u0107a i mese\u010dnika Morvske vesti, te da se svim medijima &hellip; <\/p>\n","protected":false},"author":4,"featured_media":6202,"comment_status":"open","ping_status":"open","sticky":false,"template":"","format":"standard","meta":{"footnotes":""},"categories":[1524,2,1514,13,12],"tags":[2614,2621,2438,299],"_links":{"self":[{"href":"https:\/\/centralmedia.rs\/index.php\/wp-json\/wp\/v2\/posts\/11112"}],"collection":[{"href":"https:\/\/centralmedia.rs\/index.php\/wp-json\/wp\/v2\/posts"}],"about":[{"href":"https:\/\/centralmedia.rs\/index.php\/wp-json\/wp\/v2\/types\/post"}],"author":[{"embeddable":true,"href":"https:\/\/centralmedia.rs\/index.php\/wp-json\/wp\/v2\/users\/4"}],"replies":[{"embeddable":true,"href":"https:\/\/centralmedia.rs\/index.php\/wp-json\/wp\/v2\/comments?post=11112"}],"version-history":[{"count":6,"href":"https:\/\/centralmedia.rs\/index.php\/wp-json\/wp\/v2\/posts\/11112\/revisions"}],"predecessor-version":[{"id":11118,"href":"https:\/\/centralmedia.rs\/index.php\/wp-json\/wp\/v2\/posts\/11112\/revisions\/11118"}],"wp:featuredmedia":[{"embeddable":true,"href":"https:\/\/centralmedia.rs\/index.php\/wp-json\/wp\/v2\/media\/6202"}],"wp:attachment":[{"href":"https:\/\/centralmedia.rs\/index.php\/wp-json\/wp\/v2\/media?parent=11112"}],"wp:term":[{"taxonomy":"category","embeddable":true,"href":"https:\/\/centralmedia.rs\/index.php\/wp-json\/wp\/v2\/categories?post=11112"},{"taxonomy":"post_tag","embeddable":true,"href":"https:\/\/centralmedia.rs\/index.php\/wp-json\/wp\/v2\/tags?post=11112"}],"curies":[{"name":"wp","href":"https:\/\/api.w.org\/{rel}","templated":true}]}}