{"id":11152,"date":"2018-02-19T14:45:13","date_gmt":"2018-02-19T14:45:13","guid":{"rendered":"http:\/\/centralmedia.rs\/?p=11152"},"modified":"2018-02-19T14:45:13","modified_gmt":"2018-02-19T14:45:13","slug":"konferencija-u-gdanjsku-vlast-u-srbiji-da-osudi-napade-na-novinare","status":"publish","type":"post","link":"https:\/\/centralmedia.rs\/index.php\/2018\/02\/19\/konferencija-u-gdanjsku-vlast-u-srbiji-da-osudi-napade-na-novinare\/","title":{"rendered":"Konferencija u Gdanjsku: Vlast u Srbiji da osudi napade na novinare"},"content":{"rendered":"<p>U poljskom gradu Gdanjsku odr\u017eana je tokom pro\u0161log vikenda dvodnevna konferencija &#8220;SLOBODNI EVROPSKI MEDIJI&#8221;.<\/p>\n<p>Ugro\u017eenost medija \u0161irom Evrope goru\u0107a je tema zvani\u010dnih evropskih institucija, pokazalo je u\u010de\u0161\u0107e predstavnika Evropske komisije, Saveta Evrope, Evropske federacije novinara, Me\u0111unarodnog pres instituta, Evrovizije i mnogih drugih.<\/p>\n<p>Skupu se poslednjeg dana priklju\u010dio i Leh Valensa, biv\u0161i predsednik Poljske i dobitnik Nobelove nagrade za mir. Sloboda medija i pravo na kritiku dru\u0161tva su jedino sredstvo odbrane demokratije i glavni za\u0161titnik javnog interesa, rekao je Patrik Penings, direktor odeljenja Saveta Evrope za informati\u010dko dru\u0161tvo.<\/p>\n<p>Tamo gde se kriti\u010dari korupcije progla\u0161avaju neprijateljima, nema demokratije, rekao je on. Predsednik Evropske federacije novinara Mogens Bliher Bjeregard zahtevao je od svih evropskih lidera da javno osude napade na novinare. To je, ka\u017ee, tra\u017eio i od srpskog predsednika Aleksandra Vu\u010di\u0107a prilikom nedavnog razgovora u okviru posete misije EFJ Beogradu.<\/p>\n<p>Poljska, Ma\u0111arska i Srbija su ozna\u010dene kao dr\u017eave u kojima medijski sistemi propadaju jer nije otvoren prostor za kriti\u010dko novinarstvo na medijima dostupnim svim gra\u0111anima. Dobitnik Pulicerove nagrade Metju Karuna Galicije, ocenio je da je u Srbiji vrlo opasna situacija: agresija politi\u010dara prema medijima i novinarima, kampanje bla\u0107enja i pretnje, stvaraju ose\u0107aj da je Srbija zemlja u kojoj je slede\u0107i korak &#8211; ubistvo novinara.<\/p>\n<p>Metju, sin Dafne Karuana Galicije, ubijene novinarke koja je pisala o korupciji na Malti, smatra da je &#8220;situacija suvi\u0161e ekstremna i nema vi\u0161e mnogo toga \u0161to u Srbiji mo\u017ee da se u\u010dini da bi se re\u0161io problem, ve\u0107 je potrebna pomo\u0107 na evropskom nivou&#8221;.<\/p>\n<p>Medijski javni servisi su bili predmet jedne od diskusija gde je prime\u0107eno da u odre\u0111enom broju zemalja postoji tendencija vra\u0107anja na koncept dr\u017eavne televizije. Tipi\u010dan predstavnik je, ne i jedini, Poljska nacionalna televizija: njihovi \u010delnici smatraju da nema potrebe da se bave opozicionim partijama jer &#8220;opozicija ima svoje medije koji kritikuju vladu&#8221;.<\/p>\n<p>To je protivno konceptu medijskih javnih servisa , utvr\u0111enom me\u0111unarodnim odlukama, koji bi trebalo da omogu\u0107e pristup svim politi\u010dkim opcijama, smatra \u017dan Filip de Tender, direktor medija EBU. Posebnu pa\u017enju privukao je razgovor sa Lehom Valensom koji je rekao da bez medija nema ni za\u0161tite osnovnih gra\u0111anskih prava.<\/p>\n<p>U toj sferi je potrebna ljudska solidarnost i povezanost, smatra Valensa. Konferencija je usvojila zaklju\u010dke \u010dijom realizacijom treba unaprediti situaciju u medijima kojom niko nije zadovoljan.<\/p>\n<p>Me\u0111u prioritetima su: &#8211; Osloba\u0111anje svih zatvorenih novinara i prestanak su\u0111enja novinarima zbog toga \u0161to rade svoj posao.<\/p>\n<p>&#8211; Promovisati odluke Saveta Evrope kojim se omogu\u0107ava novinarima da nesmetano rade posao<\/p>\n<p>&#8211; Omogu\u0107iti socijalni dijalog izme\u0111u vlasnika medija i novinara \u010dime se sti\u010de sigurnost radnog mesta<\/p>\n<p>&#8211; Nastaviti borbu protiv cenzure i autocenzure<\/p>\n<p>&#8211; Medijskim javnim servisima omogu\u0107iti stabilno i dovoljno finansiranje<\/p>\n<p>&#8211; Spre\u010diti govor mr\u017enje<\/p>\n<p>&nbsp;<\/p>\n","protected":false},"excerpt":{"rendered":"<p>U poljskom gradu Gdanjsku odr\u017eana je tokom pro\u0161log vikenda dvodnevna konferencija &#8220;SLOBODNI EVROPSKI MEDIJI&#8221;. Ugro\u017eenost medija \u0161irom Evrope goru\u0107a je tema zvani\u010dnih evropskih institucija, pokazalo &hellip; <\/p>\n","protected":false},"author":4,"featured_media":11153,"comment_status":"open","ping_status":"open","sticky":false,"template":"","format":"standard","meta":{"footnotes":""},"categories":[14,2,12],"tags":[353,2627,137,1112],"_links":{"self":[{"href":"https:\/\/centralmedia.rs\/index.php\/wp-json\/wp\/v2\/posts\/11152"}],"collection":[{"href":"https:\/\/centralmedia.rs\/index.php\/wp-json\/wp\/v2\/posts"}],"about":[{"href":"https:\/\/centralmedia.rs\/index.php\/wp-json\/wp\/v2\/types\/post"}],"author":[{"embeddable":true,"href":"https:\/\/centralmedia.rs\/index.php\/wp-json\/wp\/v2\/users\/4"}],"replies":[{"embeddable":true,"href":"https:\/\/centralmedia.rs\/index.php\/wp-json\/wp\/v2\/comments?post=11152"}],"version-history":[{"count":1,"href":"https:\/\/centralmedia.rs\/index.php\/wp-json\/wp\/v2\/posts\/11152\/revisions"}],"predecessor-version":[{"id":11154,"href":"https:\/\/centralmedia.rs\/index.php\/wp-json\/wp\/v2\/posts\/11152\/revisions\/11154"}],"wp:featuredmedia":[{"embeddable":true,"href":"https:\/\/centralmedia.rs\/index.php\/wp-json\/wp\/v2\/media\/11153"}],"wp:attachment":[{"href":"https:\/\/centralmedia.rs\/index.php\/wp-json\/wp\/v2\/media?parent=11152"}],"wp:term":[{"taxonomy":"category","embeddable":true,"href":"https:\/\/centralmedia.rs\/index.php\/wp-json\/wp\/v2\/categories?post=11152"},{"taxonomy":"post_tag","embeddable":true,"href":"https:\/\/centralmedia.rs\/index.php\/wp-json\/wp\/v2\/tags?post=11152"}],"curies":[{"name":"wp","href":"https:\/\/api.w.org\/{rel}","templated":true}]}}