{"id":11155,"date":"2018-02-19T14:52:18","date_gmt":"2018-02-19T14:52:18","guid":{"rendered":"http:\/\/centralmedia.rs\/?p=11155"},"modified":"2018-02-19T14:52:18","modified_gmt":"2018-02-19T14:52:18","slug":"vucic-omoguciti-svim-novinarima-nesmetan-rad","status":"publish","type":"post","link":"https:\/\/centralmedia.rs\/index.php\/2018\/02\/19\/vucic-omoguciti-svim-novinarima-nesmetan-rad\/","title":{"rendered":"VU\u010cI\u0106 : \u201cOmogu\u0107iti svim novinarima nesmetan rad\u201d"},"content":{"rendered":"<p>Predsednik srbije Aleksandar Vu\u010di\u0107 pozvao je ju\u010de sve politi\u010dare u Srbiji i sve dr\u017eavne organe da novinarima, uklju\u010duju\u0107i i one koji imaju druga\u010dije stavove, omogu\u0107e da nesmetano rade.<\/p>\n<p>Vu\u010di\u0107 je istovremeno istakao da ne \u017eeli da komentari\u0161e ljude koji se pona\u0161aju kao politi\u010dki komesari i misle da ne\u0161to na toj temi mogu da poentiraju u predizbornoj kampanji.<\/p>\n<p>\u201cPozivam sve politi\u010dare u Srbiji, iz vlasti i iz opozicije, da novinarima omogu\u0107e da nesmetano rade, da se svi zajedno borimo za njihova prava\u201d, rekao je Vu\u010di\u0107 i podsetio da se poslednje ubistvo novinara u Srbiji dogodilo 2001. godine, kada je ubijen Milan Panti\u0107.<\/p>\n<p>Tako\u0111e je rekao da, osim napada na novinarku televizije Pink Gordanu Uzelac, nije bilo nikoga sa te\u017eim povredama.<\/p>\n<p>\u201cA Gordanu Uzelac su tukli ovi batina\u0161i iz opozicije \u0161to vole da tuku \u017eene&#8230; Nadam se da se tako ne\u0161to nikada ne\u0107e dogoditi. Jo\u0161 jedanput pozivam sve dr\u017eavne organe da imaju najbolji odnos prema svim novinarima koji imaju druga\u010dije stavove, koji su neretko i politi\u010dki aktivisti. I to je dozvoljeno, svako ima pravo na svoj stav i svoje mi\u0161ljenje u ovoj zemlji. To je ono \u0161to je na\u0161 posao da uradimo\u201d, zaklju\u010dio je Vu\u010di\u0107.<\/p>\n","protected":false},"excerpt":{"rendered":"<p>Predsednik srbije Aleksandar Vu\u010di\u0107 pozvao je ju\u010de sve politi\u010dare u Srbiji i sve dr\u017eavne organe da novinarima, uklju\u010duju\u0107i i one koji imaju druga\u010dije stavove, omogu\u0107e &hellip; <\/p>\n","protected":false},"author":4,"featured_media":11156,"comment_status":"open","ping_status":"open","sticky":false,"template":"","format":"standard","meta":{"footnotes":""},"categories":[2,13,12],"tags":[137,2628,1112,63],"_links":{"self":[{"href":"https:\/\/centralmedia.rs\/index.php\/wp-json\/wp\/v2\/posts\/11155"}],"collection":[{"href":"https:\/\/centralmedia.rs\/index.php\/wp-json\/wp\/v2\/posts"}],"about":[{"href":"https:\/\/centralmedia.rs\/index.php\/wp-json\/wp\/v2\/types\/post"}],"author":[{"embeddable":true,"href":"https:\/\/centralmedia.rs\/index.php\/wp-json\/wp\/v2\/users\/4"}],"replies":[{"embeddable":true,"href":"https:\/\/centralmedia.rs\/index.php\/wp-json\/wp\/v2\/comments?post=11155"}],"version-history":[{"count":1,"href":"https:\/\/centralmedia.rs\/index.php\/wp-json\/wp\/v2\/posts\/11155\/revisions"}],"predecessor-version":[{"id":11157,"href":"https:\/\/centralmedia.rs\/index.php\/wp-json\/wp\/v2\/posts\/11155\/revisions\/11157"}],"wp:featuredmedia":[{"embeddable":true,"href":"https:\/\/centralmedia.rs\/index.php\/wp-json\/wp\/v2\/media\/11156"}],"wp:attachment":[{"href":"https:\/\/centralmedia.rs\/index.php\/wp-json\/wp\/v2\/media?parent=11155"}],"wp:term":[{"taxonomy":"category","embeddable":true,"href":"https:\/\/centralmedia.rs\/index.php\/wp-json\/wp\/v2\/categories?post=11155"},{"taxonomy":"post_tag","embeddable":true,"href":"https:\/\/centralmedia.rs\/index.php\/wp-json\/wp\/v2\/tags?post=11155"}],"curies":[{"name":"wp","href":"https:\/\/api.w.org\/{rel}","templated":true}]}}