{"id":11166,"date":"2018-02-21T21:31:30","date_gmt":"2018-02-21T21:31:30","guid":{"rendered":"http:\/\/centralmedia.rs\/?p=11166"},"modified":"2018-02-21T21:32:58","modified_gmt":"2018-02-21T21:32:58","slug":"predavanje-o-cirilici","status":"publish","type":"post","link":"https:\/\/centralmedia.rs\/index.php\/2018\/02\/21\/predavanje-o-cirilici\/","title":{"rendered":"PREDAVANJE O \u0106IRILICI"},"content":{"rendered":"<p>\u0106UPRIJA-Povodom Svetskog dana maternjeg jezika, <a href=\"https:\/\/centralmedia.rs\/wp-content\/uploads\/2018\/02\/ILJA.jpg\"><img loading=\"lazy\" decoding=\"async\" class=\"alignright size-medium wp-image-11168\" src=\"https:\/\/centralmedia.rs\/wp-content\/uploads\/2018\/02\/ILJA-300x200.jpg\" alt=\"\" width=\"300\" height=\"200\" srcset=\"https:\/\/centralmedia.rs\/wp-content\/uploads\/2018\/02\/ILJA-300x200.jpg 300w, https:\/\/centralmedia.rs\/wp-content\/uploads\/2018\/02\/ILJA-768x512.jpg 768w, https:\/\/centralmedia.rs\/wp-content\/uploads\/2018\/02\/ILJA-1024x683.jpg 1024w, https:\/\/centralmedia.rs\/wp-content\/uploads\/2018\/02\/ILJA.jpg 2048w\" sizes=\"(max-width: 300px) 100vw, 300px\" \/><\/a>na poziv Biblioteke &#8220;Du\u0161an Mati\u0107&#8221; u \u0106upriji, prof. dr. Ilijana \u010cutura, prodekan za nastavu Fakulteta pedago\u0161kih nauka u Jagodini i predava\u010d na predmetu Srpskog jezika, \u00a0danas je odr\u017eala inspirativno predavanje o \u0107irilici. Predavanju su prisustvovali najmla\u0111i \u0106upri\u010dani, koji su zainteresovani da \u010duvaju svoje pismo.<\/p>\n","protected":false},"excerpt":{"rendered":"<p>\u0106UPRIJA-Povodom Svetskog dana maternjeg jezika, na poziv Biblioteke &#8220;Du\u0161an Mati\u0107&#8221; u \u0106upriji, prof. dr. Ilijana \u010cutura, prodekan za nastavu Fakulteta pedago\u0161kih nauka u Jagodini i &hellip; <\/p>\n","protected":false},"author":4,"featured_media":11167,"comment_status":"open","ping_status":"open","sticky":false,"template":"","format":"standard","meta":{"footnotes":""},"categories":[1515,14,1524,2,12],"tags":[2633,44],"_links":{"self":[{"href":"https:\/\/centralmedia.rs\/index.php\/wp-json\/wp\/v2\/posts\/11166"}],"collection":[{"href":"https:\/\/centralmedia.rs\/index.php\/wp-json\/wp\/v2\/posts"}],"about":[{"href":"https:\/\/centralmedia.rs\/index.php\/wp-json\/wp\/v2\/types\/post"}],"author":[{"embeddable":true,"href":"https:\/\/centralmedia.rs\/index.php\/wp-json\/wp\/v2\/users\/4"}],"replies":[{"embeddable":true,"href":"https:\/\/centralmedia.rs\/index.php\/wp-json\/wp\/v2\/comments?post=11166"}],"version-history":[{"count":3,"href":"https:\/\/centralmedia.rs\/index.php\/wp-json\/wp\/v2\/posts\/11166\/revisions"}],"predecessor-version":[{"id":11171,"href":"https:\/\/centralmedia.rs\/index.php\/wp-json\/wp\/v2\/posts\/11166\/revisions\/11171"}],"wp:featuredmedia":[{"embeddable":true,"href":"https:\/\/centralmedia.rs\/index.php\/wp-json\/wp\/v2\/media\/11167"}],"wp:attachment":[{"href":"https:\/\/centralmedia.rs\/index.php\/wp-json\/wp\/v2\/media?parent=11166"}],"wp:term":[{"taxonomy":"category","embeddable":true,"href":"https:\/\/centralmedia.rs\/index.php\/wp-json\/wp\/v2\/categories?post=11166"},{"taxonomy":"post_tag","embeddable":true,"href":"https:\/\/centralmedia.rs\/index.php\/wp-json\/wp\/v2\/tags?post=11166"}],"curies":[{"name":"wp","href":"https:\/\/api.w.org\/{rel}","templated":true}]}}