{"id":11172,"date":"2018-02-22T11:57:04","date_gmt":"2018-02-22T11:57:04","guid":{"rendered":"http:\/\/centralmedia.rs\/?p=11172"},"modified":"2018-02-22T11:57:04","modified_gmt":"2018-02-22T11:57:04","slug":"saopstenje-paracinskih-dveri","status":"publish","type":"post","link":"https:\/\/centralmedia.rs\/index.php\/2018\/02\/22\/saopstenje-paracinskih-dveri\/","title":{"rendered":"SAOP\u0160TENJE PARA\u0106INSKIH DVERI"},"content":{"rendered":"<p>PARA\u0106IN \u2013 Odboru pokreta Dveri u Para\u0107inu tokom proteklih dana obratio se veliki broj gra\u0111ana sa molbom da ovaj odbor uka\u017ee predstavnicima lokalne samouprave, ali i Ministarstvu zdravlja na odluku rukovodstva Op\u0161te bolnice u Para\u0107inu da svoj Kabinet za rendgen premeste u prostor bez ikakve za\u0161tite od \u0161tetnog jonizuju\u0107eg zra\u010denja i to odmah ispod Odeljenja hirurgije i neposredno uz prolaz koji vodi put gradskog porodili\u0161ta. Nakon detaljnog informisanja o radovima koji su izvedeni u prostoru u kom \u0107e Kabinet za rendgen biti preme\u0161ten, \u010dlanovi odbora Dveri u Para\u0107inu imali su gra\u0111ansku du\u017enost da stanovnike Para\u0107ina upoznaju sa ovom situacijom, kao i krajnje neodgovornom odlukom rukovodstva Op\u0161te bolnice. \u201eDanas \u017eivimo u vremenu u kom je rizik od malignih oboljenja izuzetno veliki. Vi\u0161e od 35.000 gra\u0111ana u Srbiji svake godine oboli od raka, a broj dece sa malignim oboljenjima iz godine u godinu je sve ve\u0107i. Uzrok mnogih ovih oboljenja je veoma \u010desto upravo zra\u010denje\u201c, istakao je Srboljub Micki\u0107, \u010dlan Glavnog odbora pokreta Dveri.<\/p>\n<p>\u201eIz tog razloga, nismo \u017eeleli da \u0107utimo na zabrinutost na\u0161ih sugra\u0111ana. Naprotiv, odlu\u010dili smo da uka\u017eemo javnosti na odluku rukovodstva Op\u0161te bolnice u Para\u0107inu, koje \u010dine predstavnici lokalnog SNS-a, da bez ikakvih ulaganja u neophodnu za\u0161titu od zra\u010denja, obave preme\u0161tanje Kabineta za rendgen i da ga puste u rad, a da prethodno nisu obavljene ni najmanje zakonom propisane radiolo\u0161ke analize\u201c, poru\u010dio je Micki\u0107. Po njegovim re\u010dima, op\u0161tinski Odbor Dveri danas \u0107e zvani\u010dno uputiti dopis direktoru Op\u0161te bolnice u Para\u0107inu Sla\u0111ani Vasi\u0107, predsedniku Upravnog odbora bolnice Radi\u0161i Savi\u0107u, sa zahtevom da na uvid gra\u0111anima dostave radiolo\u0161ke analize i potvrde o bezbednosti preme\u0161tanja rendgen kabineta u nov i radiolo\u0161ki neza\u0161ti\u0107en prostor. Tako\u0111e, Odbor Dveri u Para\u0107inu \u0107e danas uputiti i dopis predsedniku op\u0161tine Para\u0107in, kao i ministru zdravlja Zlatiboru Lon\u010daru, a sve u \u017eelji da ih informi\u0161e o svojim saznanjima, kao i da sa nadle\u017enima podeli informaciju o velikoj zabrinutosti gra\u0111ana op\u0161tine Para\u0107in povodom planiranog preme\u0161tanja Kabineta za rendgen u prostor bez ikakve za\u0161tite.<\/p>\n","protected":false},"excerpt":{"rendered":"<p>PARA\u0106IN \u2013 Odboru pokreta Dveri u Para\u0107inu tokom proteklih dana obratio se veliki broj gra\u0111ana sa molbom da ovaj odbor uka\u017ee predstavnicima lokalne samouprave, ali &hellip; <\/p>\n","protected":false},"author":4,"featured_media":11173,"comment_status":"open","ping_status":"open","sticky":false,"template":"","format":"standard","meta":{"footnotes":""},"categories":[1524,2,1516,13,12],"tags":[514,156],"_links":{"self":[{"href":"https:\/\/centralmedia.rs\/index.php\/wp-json\/wp\/v2\/posts\/11172"}],"collection":[{"href":"https:\/\/centralmedia.rs\/index.php\/wp-json\/wp\/v2\/posts"}],"about":[{"href":"https:\/\/centralmedia.rs\/index.php\/wp-json\/wp\/v2\/types\/post"}],"author":[{"embeddable":true,"href":"https:\/\/centralmedia.rs\/index.php\/wp-json\/wp\/v2\/users\/4"}],"replies":[{"embeddable":true,"href":"https:\/\/centralmedia.rs\/index.php\/wp-json\/wp\/v2\/comments?post=11172"}],"version-history":[{"count":1,"href":"https:\/\/centralmedia.rs\/index.php\/wp-json\/wp\/v2\/posts\/11172\/revisions"}],"predecessor-version":[{"id":11174,"href":"https:\/\/centralmedia.rs\/index.php\/wp-json\/wp\/v2\/posts\/11172\/revisions\/11174"}],"wp:featuredmedia":[{"embeddable":true,"href":"https:\/\/centralmedia.rs\/index.php\/wp-json\/wp\/v2\/media\/11173"}],"wp:attachment":[{"href":"https:\/\/centralmedia.rs\/index.php\/wp-json\/wp\/v2\/media?parent=11172"}],"wp:term":[{"taxonomy":"category","embeddable":true,"href":"https:\/\/centralmedia.rs\/index.php\/wp-json\/wp\/v2\/categories?post=11172"},{"taxonomy":"post_tag","embeddable":true,"href":"https:\/\/centralmedia.rs\/index.php\/wp-json\/wp\/v2\/tags?post=11172"}],"curies":[{"name":"wp","href":"https:\/\/api.w.org\/{rel}","templated":true}]}}