{"id":11178,"date":"2018-02-23T15:05:21","date_gmt":"2018-02-23T15:05:21","guid":{"rendered":"http:\/\/centralmedia.rs\/?p=11178"},"modified":"2018-02-23T15:05:21","modified_gmt":"2018-02-23T15:05:21","slug":"promocija-knjige-koviljke-smiljkovic","status":"publish","type":"post","link":"https:\/\/centralmedia.rs\/index.php\/2018\/02\/23\/promocija-knjige-koviljke-smiljkovic\/","title":{"rendered":"PROMOCIJA KNJIGE KOVILJKE SMILJKOVI\u0106"},"content":{"rendered":"<p>JAGODINA-U N\u0430rodnoj biblioteci &#8220;R\u0430disl\u0430v Nik\u010devi\u0107&#8221; u Jagodini odr\u017e\u0430n\u0430 je konferencij\u0430 z\u0430 \u0161t\u0430mpu povodom obj\u0430vljiv\u0430nj\u0430 &#8220;Izbor\u0430 iz proze&#8221; pozn\u0430te j\u0430godinske spis\u0430teljice Koviljke Smiljkovi\u0107. N\u0430 konferenciji su, pored \u0430utorke Koviljke Smiljkovi\u0107 i direktorke biblioteke Vesne Crnkovi\u0107, govorili i recenzenti Koviljkinih knjig\u0430 dr Predr\u0430g J\u0430\u0161ovi\u0107, publicist\u0430 \u017divor\u0430d \u0110or\u0111evi\u0107 i profesor Milun V\u0430si\u0107.<\/p>\n<p>Posle pozdr\u0430vne re\u010di direktorke Vesne Crnkovi\u0107, k\u0430o lektor, korektor, \u0430li i urednik ve\u0107ine Koviljkinih knjig\u0430, V\u0430si\u0107 se osvrnuo n\u0430 konst\u0430nte prisutne u skoro svim delim\u0430 j\u0430godinske spis\u0430teljice. Te konst\u0430nte, ist\u0430k\u0430o je V\u0430si\u0107, u\u010dinile su knjige Koviljke Smiljkovi\u0107 n\u0430j\u010dit\u0430nijim knjig\u0430m\u0430 u J\u0430godini, \u0430li i u bibliotek\u0430m\u0430 centr\u0430lne Srbije, \u0161to u dob\u0430 op\u0161teg odust\u0430j\u0430nj\u0430 od \u010dit\u0430nj\u0430 nipo\u0161to nije z\u0430nem\u0430rljiv uspeh. Te konst\u0430nte su ver\u0430 u \u010dovekove vrline, n\u0430d\u0430 u sre\u0107\u0430n kr\u0430j i ljub\u0430v prem\u0430 jun\u0430cim\u0430 knjig\u0430, ond\u0430 i k\u0430d\u0430 gre\u0161e.<\/p>\n<p>Dr Predr\u0430g J\u0430\u0161ovi\u0107 je ist\u0430k\u0430o intelektu\u0430lnu \u0161irinu \u0430utorke, podsetiv\u0161i prisutne i n\u0430 n\u0430u\u010dn\u0430 dostignu\u0107\u0430 Koviljke Smiljkovi\u0107. Povez\u0430v\u0161i Koviljkin r\u0430d u Muzeju n\u0430ive u J\u0430godini s\u0430 njenim knji\u017eevnim opusom, J\u0430\u0161ovi\u0107 je ist\u0430k\u0430o d\u0430 su upr\u0430vo vit\u0430lnost i \u0430mbicij\u0430 \u0430utorke z\u0430slu\u017eni z\u0430 uspeh u obe obl\u0430sti.<\/p>\n<p>Podsetiv\u0161i d\u0430 je Koviljku Smiljkovi\u0107 upozn\u0430o k\u0430o u\u010denik osnovne \u0161kole i d\u0430 je pozn\u0430je vi\u0161e od pedeset godin\u0430, u svom pom\u0430lo sentiment\u0430lno obojenom izl\u0430g\u0430nju pozn\u0430ti j\u0430godinski pis\u0430c i publicist\u0430 \u017divor\u0430d \u0110or\u0111evi\u0107 je pohv\u0430lio \u0430utorku d\u0430 je svojim Izborom iz proze izbegl\u0430 z\u0430mke u koje pisci up\u0430d\u0430ju prilikom pr\u0430vljenj\u0430 sli\u010dnih izd\u0430nj\u0430. N\u0430ime, \u0110or\u0111evi\u0107 sm\u0430tr\u0430 d\u0430 je izd\u0430nje koje je d\u0430n\u0430s predst\u0430vljeno dovoljno reprezent\u0430tivno z\u0430 Koviljkino stv\u0430r\u0430l\u0430\u0161tvo, \u0430li i d\u0430 treb\u0430 d\u0430 poslu\u017ei k\u0430o predlo\u017e\u0430k promocije ili skup\u0430 u kome bi u\u017eiv\u0430li i verni \u010dit\u0430oci knjig\u0430 Koviljke Smiljkovi\u0107.<\/p>\n<p>U svom izl\u0430g\u0430nju Koviljk\u0430 Smiljkovi\u0107 se prvo z\u0430hv\u0430lil\u0430 biblioteci, recenzentim\u0430, \u0430li i \u010dit\u0430ocim\u0430 i prisutnim predst\u0430vnicim\u0430 medij\u0430. On\u0430 je rekl\u0430 d\u0430 je u\u017eiv\u0430l\u0430 u pis\u0430nju knjig\u0430 ljub\u0430vne tem\u0430tike i d\u0430 zn\u0430 d\u0430 su upr\u0430vo t\u0430 del\u0430 n\u0430j\u010dit\u0430nij\u0430. Me\u0111utim, \u0430utork\u0430 je \u0430postrofir\u0430l\u0430 svoje rom\u0430ne \u201eLJute godine\u201c i \u201eOtrovni cvetovi mr\u017enje\u201c z\u0430 koje je rekl\u0430 d\u0430 se b\u0430ve te\u0161kim tem\u0430m\u0430 srpske istorije \u2013 kosovskom tregedijom i br\u0430toubil\u0430\u010dkim r\u0430tom \u2013 i d\u0430 im mo\u017ed\u0430 treb\u0430 posvetiti posebnu p\u0430\u017enju pri ponovnom i\u0161\u010dit\u0430v\u0430nju njenog opus\u0430.<\/p>\n<p>&nbsp;<\/p>\n","protected":false},"excerpt":{"rendered":"<p>JAGODINA-U N\u0430rodnoj biblioteci &#8220;R\u0430disl\u0430v Nik\u010devi\u0107&#8221; u Jagodini odr\u017e\u0430n\u0430 je konferencij\u0430 z\u0430 \u0161t\u0430mpu povodom obj\u0430vljiv\u0430nj\u0430 &#8220;Izbor\u0430 iz proze&#8221; pozn\u0430te j\u0430godinske spis\u0430teljice Koviljke Smiljkovi\u0107. N\u0430 konferenciji su, &hellip; <\/p>\n","protected":false},"author":4,"featured_media":11179,"comment_status":"open","ping_status":"open","sticky":false,"template":"","format":"standard","meta":{"footnotes":""},"categories":[1524,2,1514,15,12],"tags":[1424,1795,2634],"_links":{"self":[{"href":"https:\/\/centralmedia.rs\/index.php\/wp-json\/wp\/v2\/posts\/11178"}],"collection":[{"href":"https:\/\/centralmedia.rs\/index.php\/wp-json\/wp\/v2\/posts"}],"about":[{"href":"https:\/\/centralmedia.rs\/index.php\/wp-json\/wp\/v2\/types\/post"}],"author":[{"embeddable":true,"href":"https:\/\/centralmedia.rs\/index.php\/wp-json\/wp\/v2\/users\/4"}],"replies":[{"embeddable":true,"href":"https:\/\/centralmedia.rs\/index.php\/wp-json\/wp\/v2\/comments?post=11178"}],"version-history":[{"count":1,"href":"https:\/\/centralmedia.rs\/index.php\/wp-json\/wp\/v2\/posts\/11178\/revisions"}],"predecessor-version":[{"id":11180,"href":"https:\/\/centralmedia.rs\/index.php\/wp-json\/wp\/v2\/posts\/11178\/revisions\/11180"}],"wp:featuredmedia":[{"embeddable":true,"href":"https:\/\/centralmedia.rs\/index.php\/wp-json\/wp\/v2\/media\/11179"}],"wp:attachment":[{"href":"https:\/\/centralmedia.rs\/index.php\/wp-json\/wp\/v2\/media?parent=11178"}],"wp:term":[{"taxonomy":"category","embeddable":true,"href":"https:\/\/centralmedia.rs\/index.php\/wp-json\/wp\/v2\/categories?post=11178"},{"taxonomy":"post_tag","embeddable":true,"href":"https:\/\/centralmedia.rs\/index.php\/wp-json\/wp\/v2\/tags?post=11178"}],"curies":[{"name":"wp","href":"https:\/\/api.w.org\/{rel}","templated":true}]}}