{"id":11193,"date":"2018-02-26T13:48:15","date_gmt":"2018-02-26T13:48:15","guid":{"rendered":"http:\/\/centralmedia.rs\/?p=11193"},"modified":"2018-02-26T13:48:15","modified_gmt":"2018-02-26T13:48:15","slug":"udruzenje-raseljenih-sa-kim-osuda-zbog-pokusaja-gusenja-medija-javne-reci","status":"publish","type":"post","link":"https:\/\/centralmedia.rs\/index.php\/2018\/02\/26\/udruzenje-raseljenih-sa-kim-osuda-zbog-pokusaja-gusenja-medija-javne-reci\/","title":{"rendered":"UDRU\u017dENjE RASELjENIH SA KIM &#8211; OSUDA ZBOG POKU\u0160AJA GU\u0160ENjA MEDIJA I JAVNE RE\u010cI"},"content":{"rendered":"<p>JAGODINA-Udru\u017eenje raseljenih sa Kosova i Metohije izra\u017eava duboku zbrinutost i osu\u0111uje \u00a0poku\u0161aj gu\u0161enja medija i javne re\u010di milionskim tu\u017ebama \u0161to je o\u010digledno na primeru tu\u017ebe Grada Jagodina protiv mese\u010dnika Moravske vesti i urednika Gorana Jevremovi\u0107a.<\/p>\n<p>Pozivamo dr\u017eavne organe i nosice dr\u017eavnih funkcija u Srbiji da za\u0161tite jedini nezavisni lokalni medij u Jagodini i novinara. Re\u010d je o tekstu koji govori o tro\u0161enju bud\u017eetskih para i nema sumnje da se radi o pitanjima od javnog zna\u010daja, odnosno da je informisanje javnosti o tome u skladu sa ulogom medija kao \u010duvara javnog interesa.<\/p>\n<p>Takvo pona\u0161anje lokalne samouprave i mo\u0107nika prema lokalnim nezavisnim medijima ima za cilj odvra\u0107anje medija od vr\u0161enja funkcije informisanja javnosti, odnosno vr\u0161enja funkcije ,,javnog \u010duvara&#8221; koju \u0161tampa obavlja u jednom demokratskom dru\u0161tvu. Tako represivno pona\u0161anje ima uticaja ne samo na taj medij i novinara, ve\u0107 i ostalim medijima i novinarima \u0161alje poruku \u0161ta ih \u010deka ukoliko se ,,drznu da pi\u0161u o njima&#8221;.<\/p>\n<p>To se posebno odnosi na nezavisne lokalne medije, koji imaju ograni\u010den tira\u017e i objavljuju informacije od javnog zna\u010daja lokalnog karaktera.\u00a0 Zato tu\u017ebe kojima se \u017eeli ograni\u010diti sloboda izra\u017eavanja lokalog medija imaju mnogo ve\u0107i uticaj. Pozivamo sve polti\u010dare da omogu\u0107e nesmetan rad medijima i novinarima, da ih ne progla\u0161avaju neprijateljima, reketa\u0161ima, ucenjiva\u010dima, kao i da ih ne osu\u0111uju, ve\u0107 da u atmosferi dijaloga u 21. veku do\u0111u do spoznaje da su mediji saveznici dr\u017eave i gra\u0111ana na putu ka izgradnji boljeg i pravednijeg dru\u0161tva.<\/p>\n<p>O svemu tome \u010delinici jagodinske lokalne samouprave treba da razmisle, uvide propuste u proteklom periodu u odnosu na medije i novinare, te okrenu novi list u tim odnosima, jer mediji i novinari nisu i ne mogu da budu zloupotrebljavani kao sredstvo za odr\u017eavanje na vlasti. Svako ko je to poku\u0161ao nije dobro pro\u0161ao.<\/p>\n","protected":false},"excerpt":{"rendered":"<p>JAGODINA-Udru\u017eenje raseljenih sa Kosova i Metohije izra\u017eava duboku zbrinutost i osu\u0111uje \u00a0poku\u0161aj gu\u0161enja medija i javne re\u010di milionskim tu\u017ebama \u0161to je o\u010digledno na primeru tu\u017ebe &hellip; <\/p>\n","protected":false},"author":4,"featured_media":11194,"comment_status":"open","ping_status":"open","sticky":false,"template":"","format":"standard","meta":{"footnotes":""},"categories":[1524,2,1514,13,12],"tags":[137,2640,2639],"_links":{"self":[{"href":"https:\/\/centralmedia.rs\/index.php\/wp-json\/wp\/v2\/posts\/11193"}],"collection":[{"href":"https:\/\/centralmedia.rs\/index.php\/wp-json\/wp\/v2\/posts"}],"about":[{"href":"https:\/\/centralmedia.rs\/index.php\/wp-json\/wp\/v2\/types\/post"}],"author":[{"embeddable":true,"href":"https:\/\/centralmedia.rs\/index.php\/wp-json\/wp\/v2\/users\/4"}],"replies":[{"embeddable":true,"href":"https:\/\/centralmedia.rs\/index.php\/wp-json\/wp\/v2\/comments?post=11193"}],"version-history":[{"count":1,"href":"https:\/\/centralmedia.rs\/index.php\/wp-json\/wp\/v2\/posts\/11193\/revisions"}],"predecessor-version":[{"id":11195,"href":"https:\/\/centralmedia.rs\/index.php\/wp-json\/wp\/v2\/posts\/11193\/revisions\/11195"}],"wp:featuredmedia":[{"embeddable":true,"href":"https:\/\/centralmedia.rs\/index.php\/wp-json\/wp\/v2\/media\/11194"}],"wp:attachment":[{"href":"https:\/\/centralmedia.rs\/index.php\/wp-json\/wp\/v2\/media?parent=11193"}],"wp:term":[{"taxonomy":"category","embeddable":true,"href":"https:\/\/centralmedia.rs\/index.php\/wp-json\/wp\/v2\/categories?post=11193"},{"taxonomy":"post_tag","embeddable":true,"href":"https:\/\/centralmedia.rs\/index.php\/wp-json\/wp\/v2\/tags?post=11193"}],"curies":[{"name":"wp","href":"https:\/\/api.w.org\/{rel}","templated":true}]}}