{"id":11196,"date":"2018-02-27T07:42:22","date_gmt":"2018-02-27T07:42:22","guid":{"rendered":"http:\/\/centralmedia.rs\/?p=11196"},"modified":"2018-02-27T07:42:22","modified_gmt":"2018-02-27T07:42:22","slug":"planinska-sela-odsecena-od-sveta-pola-metra-snega-u-jagodini","status":"publish","type":"post","link":"https:\/\/centralmedia.rs\/index.php\/2018\/02\/27\/planinska-sela-odsecena-od-sveta-pola-metra-snega-u-jagodini\/","title":{"rendered":"PLANINSKA SELA ODSE\u010cENA OD SVETA &#8211; POLA METRA SNEGA U JAGODINI"},"content":{"rendered":"<p>JAGODINA-U toku no\u0107i u Jagodinu i okolinu pogodila je sne\u017ena vejavica, sne\u017eni pokriva\u010d dostigao je 50 santimetra, te su putevi do planinskih sela u tom delu Srbije zavejani i neprohodni,a\u00a0 autobusi ne saobra\u0107aju do njih. U toku no\u0107i nisu prime\u0107ene ekipe za ras\u010di\u0161\u0107avanje snega, jutros je po\u010dela akcija ras\u010di\u0161\u0107avanja, ali zbog velikog broja neprohodnih saobra\u0107ajnica taj posao bi\u0107e obavljen u toku dana.<\/p>\n<p>-Skratili smo linije zbog velike koli\u010dne snega na putu. Re\u010d je o linijama ka crnovr\u0161kim selima, ne saobra\u0107amo do Crn\u010da, Gornjeg i Donjeg Mi\u0161evi\u0107a, Vranovca, Gornjeg Ra\u010dnika i Gornjeg \u0160tiplja. Linije su usporene u ostalim delovima zbog snega na kolovozu, ka\u017eu u preduze\u0107u Zoran Reisen koje obavlja prevoz.<\/p>\n<div id='gallery-1' class='gallery galleryid-11196 gallery-columns-3 gallery-size-full'><figure class='gallery-item'>\n\t\t\t<div class='gallery-icon landscape'>\n\t\t\t\t<a href='https:\/\/centralmedia.rs\/index.php\/2018\/02\/27\/planinska-sela-odsecena-od-sveta-pola-metra-snega-u-jagodini\/sneg-1\/'><img loading=\"lazy\" decoding=\"async\" width=\"900\" height=\"675\" src=\"https:\/\/centralmedia.rs\/wp-content\/uploads\/2018\/02\/sneg-1.jpg\" class=\"attachment-full size-full\" alt=\"\" srcset=\"https:\/\/centralmedia.rs\/wp-content\/uploads\/2018\/02\/sneg-1.jpg 900w, https:\/\/centralmedia.rs\/wp-content\/uploads\/2018\/02\/sneg-1-300x225.jpg 300w, https:\/\/centralmedia.rs\/wp-content\/uploads\/2018\/02\/sneg-1-768x576.jpg 768w, https:\/\/centralmedia.rs\/wp-content\/uploads\/2018\/02\/sneg-1-80x60.jpg 80w, https:\/\/centralmedia.rs\/wp-content\/uploads\/2018\/02\/sneg-1-265x198.jpg 265w\" sizes=\"(max-width: 900px) 100vw, 900px\" \/><\/a>\n\t\t\t<\/div><\/figure><figure class='gallery-item'>\n\t\t\t<div class='gallery-icon landscape'>\n\t\t\t\t<a href='https:\/\/centralmedia.rs\/index.php\/2018\/02\/27\/planinska-sela-odsecena-od-sveta-pola-metra-snega-u-jagodini\/sneg-3\/'><img loading=\"lazy\" decoding=\"async\" width=\"900\" height=\"675\" src=\"https:\/\/centralmedia.rs\/wp-content\/uploads\/2018\/02\/sneg.jpg\" class=\"attachment-full size-full\" alt=\"\" srcset=\"https:\/\/centralmedia.rs\/wp-content\/uploads\/2018\/02\/sneg.jpg 900w, https:\/\/centralmedia.rs\/wp-content\/uploads\/2018\/02\/sneg-300x225.jpg 300w, https:\/\/centralmedia.rs\/wp-content\/uploads\/2018\/02\/sneg-768x576.jpg 768w, https:\/\/centralmedia.rs\/wp-content\/uploads\/2018\/02\/sneg-80x60.jpg 80w, https:\/\/centralmedia.rs\/wp-content\/uploads\/2018\/02\/sneg-265x198.jpg 265w\" sizes=\"(max-width: 900px) 100vw, 900px\" \/><\/a>\n\t\t\t<\/div><\/figure><figure class='gallery-item'>\n\t\t\t<div class='gallery-icon landscape'>\n\t\t\t\t<a href='https:\/\/centralmedia.rs\/index.php\/2018\/02\/27\/planinska-sela-odsecena-od-sveta-pola-metra-snega-u-jagodini\/noc\/'><img loading=\"lazy\" decoding=\"async\" width=\"900\" height=\"650\" src=\"https:\/\/centralmedia.rs\/wp-content\/uploads\/2018\/02\/noc.jpg\" class=\"attachment-full size-full\" alt=\"\" srcset=\"https:\/\/centralmedia.rs\/wp-content\/uploads\/2018\/02\/noc.jpg 900w, https:\/\/centralmedia.rs\/wp-content\/uploads\/2018\/02\/noc-300x217.jpg 300w, https:\/\/centralmedia.rs\/wp-content\/uploads\/2018\/02\/noc-768x555.jpg 768w, https:\/\/centralmedia.rs\/wp-content\/uploads\/2018\/02\/noc-324x235.jpg 324w\" sizes=\"(max-width: 900px) 100vw, 900px\" \/><\/a>\n\t\t\t<\/div><\/figure>\n\t\t<\/div>\n\n<p>I u ostalim op\u0161tinama u Pomoravlju velike koli\u010dine snega su obustavile saobra\u0107aj do planinskih sela, dok je u ni\u017eim predelima saobra\u0107aj usporen.<\/p>\n","protected":false},"excerpt":{"rendered":"<p>JAGODINA-U toku no\u0107i u Jagodinu i okolinu pogodila je sne\u017ena vejavica, sne\u017eni pokriva\u010d dostigao je 50 santimetra, te su putevi do planinskih sela u tom &hellip; <\/p>\n","protected":false},"author":4,"featured_media":11197,"comment_status":"open","ping_status":"open","sticky":false,"template":"","format":"standard","meta":{"footnotes":""},"categories":[1524,2,1514,16,12],"tags":[58,909,423],"_links":{"self":[{"href":"https:\/\/centralmedia.rs\/index.php\/wp-json\/wp\/v2\/posts\/11196"}],"collection":[{"href":"https:\/\/centralmedia.rs\/index.php\/wp-json\/wp\/v2\/posts"}],"about":[{"href":"https:\/\/centralmedia.rs\/index.php\/wp-json\/wp\/v2\/types\/post"}],"author":[{"embeddable":true,"href":"https:\/\/centralmedia.rs\/index.php\/wp-json\/wp\/v2\/users\/4"}],"replies":[{"embeddable":true,"href":"https:\/\/centralmedia.rs\/index.php\/wp-json\/wp\/v2\/comments?post=11196"}],"version-history":[{"count":1,"href":"https:\/\/centralmedia.rs\/index.php\/wp-json\/wp\/v2\/posts\/11196\/revisions"}],"predecessor-version":[{"id":11201,"href":"https:\/\/centralmedia.rs\/index.php\/wp-json\/wp\/v2\/posts\/11196\/revisions\/11201"}],"wp:featuredmedia":[{"embeddable":true,"href":"https:\/\/centralmedia.rs\/index.php\/wp-json\/wp\/v2\/media\/11197"}],"wp:attachment":[{"href":"https:\/\/centralmedia.rs\/index.php\/wp-json\/wp\/v2\/media?parent=11196"}],"wp:term":[{"taxonomy":"category","embeddable":true,"href":"https:\/\/centralmedia.rs\/index.php\/wp-json\/wp\/v2\/categories?post=11196"},{"taxonomy":"post_tag","embeddable":true,"href":"https:\/\/centralmedia.rs\/index.php\/wp-json\/wp\/v2\/tags?post=11196"}],"curies":[{"name":"wp","href":"https:\/\/api.w.org\/{rel}","templated":true}]}}