{"id":11203,"date":"2018-02-27T10:08:37","date_gmt":"2018-02-27T10:08:37","guid":{"rendered":"http:\/\/centralmedia.rs\/?p=11203"},"modified":"2018-02-27T10:09:00","modified_gmt":"2018-02-27T10:09:00","slug":"tri-sata-visio-u-kabini-nad-moravom-spasen-vozac-kamiona","status":"publish","type":"post","link":"https:\/\/centralmedia.rs\/index.php\/2018\/02\/27\/tri-sata-visio-u-kabini-nad-moravom-spasen-vozac-kamiona\/","title":{"rendered":"TRI SATA VISIO U KABINI NAD MORAVOM &#8211; SPA\u0160EN VOZA\u010c KAMIONA"},"content":{"rendered":"<p>JAGODINA-Voza\u010d kamiona, koji je jutros oko 7 sati probio ogradu na mostu iznad Velike Morave na auto putu Beograd-Ni\u0161 kod \u0106uprije,<a href=\"https:\/\/centralmedia.rs\/wp-content\/uploads\/2018\/02\/most.jpg\"><img loading=\"lazy\" decoding=\"async\" class=\"alignright size-medium wp-image-11205\" src=\"https:\/\/centralmedia.rs\/wp-content\/uploads\/2018\/02\/most-300x158.jpg\" alt=\"\" width=\"300\" height=\"158\" srcset=\"https:\/\/centralmedia.rs\/wp-content\/uploads\/2018\/02\/most-300x158.jpg 300w, https:\/\/centralmedia.rs\/wp-content\/uploads\/2018\/02\/most-768x404.jpg 768w, https:\/\/centralmedia.rs\/wp-content\/uploads\/2018\/02\/most-1024x539.jpg 1024w, https:\/\/centralmedia.rs\/wp-content\/uploads\/2018\/02\/most.jpg 1200w\" sizes=\"(max-width: 300px) 100vw, 300px\" \/><\/a> spa\u0161en je posle tro\u010dasovne akcije i nalazi se u bolnici. Prema prvim informacija on nije povre\u0111en, ali je zbog visokog intezioteta straha pretrpeo veliki stres. Njega je korpama spasila \u0161lep slu\u017eba iz Jagodine. O\u010dekuje se da kamion sa mosta pomere vozila AMSS. Saobra\u0107aj sa auto puta je izme\u0161ten na regionalni pravac Jagodina &#8211; \u0106uprija i znatno je usporen. Re\u010d je o kamionu para\u0107inskih tablica, sumnja se da je voza\u010d zaspao i da je to uslovilo ovu nezgodu.<\/p>\n","protected":false},"excerpt":{"rendered":"<p>JAGODINA-Voza\u010d kamiona, koji je jutros oko 7 sati probio ogradu na mostu iznad Velike Morave na auto putu Beograd-Ni\u0161 kod \u0106uprije, spa\u0161en je posle tro\u010dasovne &hellip; <\/p>\n","protected":false},"author":4,"featured_media":11204,"comment_status":"open","ping_status":"open","sticky":false,"template":"","format":"standard","meta":{"footnotes":""},"categories":[1524,20,2,1514],"tags":[58,2641,1607,2642],"_links":{"self":[{"href":"https:\/\/centralmedia.rs\/index.php\/wp-json\/wp\/v2\/posts\/11203"}],"collection":[{"href":"https:\/\/centralmedia.rs\/index.php\/wp-json\/wp\/v2\/posts"}],"about":[{"href":"https:\/\/centralmedia.rs\/index.php\/wp-json\/wp\/v2\/types\/post"}],"author":[{"embeddable":true,"href":"https:\/\/centralmedia.rs\/index.php\/wp-json\/wp\/v2\/users\/4"}],"replies":[{"embeddable":true,"href":"https:\/\/centralmedia.rs\/index.php\/wp-json\/wp\/v2\/comments?post=11203"}],"version-history":[{"count":2,"href":"https:\/\/centralmedia.rs\/index.php\/wp-json\/wp\/v2\/posts\/11203\/revisions"}],"predecessor-version":[{"id":11207,"href":"https:\/\/centralmedia.rs\/index.php\/wp-json\/wp\/v2\/posts\/11203\/revisions\/11207"}],"wp:featuredmedia":[{"embeddable":true,"href":"https:\/\/centralmedia.rs\/index.php\/wp-json\/wp\/v2\/media\/11204"}],"wp:attachment":[{"href":"https:\/\/centralmedia.rs\/index.php\/wp-json\/wp\/v2\/media?parent=11203"}],"wp:term":[{"taxonomy":"category","embeddable":true,"href":"https:\/\/centralmedia.rs\/index.php\/wp-json\/wp\/v2\/categories?post=11203"},{"taxonomy":"post_tag","embeddable":true,"href":"https:\/\/centralmedia.rs\/index.php\/wp-json\/wp\/v2\/tags?post=11203"}],"curies":[{"name":"wp","href":"https:\/\/api.w.org\/{rel}","templated":true}]}}