{"id":11223,"date":"2018-03-04T11:39:08","date_gmt":"2018-03-04T11:39:08","guid":{"rendered":"http:\/\/centralmedia.rs\/?p=11223"},"modified":"2018-03-04T11:39:08","modified_gmt":"2018-03-04T11:39:08","slug":"saopstenje-paracinskih-dveri-2","status":"publish","type":"post","link":"https:\/\/centralmedia.rs\/index.php\/2018\/03\/04\/saopstenje-paracinskih-dveri-2\/","title":{"rendered":"SAOP\u0160TENJE PARA\u0106INSKIH DVERI"},"content":{"rendered":"<p>Para\u0107in\u00a0&#8211; Op\u0161ta bolica u Para\u0107inu Sla\u0111ana odbacila\u00a0 je sva na\u0161a dobronamerna upozorenja o velikoj zabrinutosti gra\u0111ana op\u0161tine Para\u0107in, a povodom nedavnog preme\u0161tanje Kabineta za rendgen u prostor bez adekvatne za\u0161tite od \u0161tetnog jonizuju\u0107eg zra\u010denja.<\/p>\n<p>\u010celnici Op\u0161te bolnice su tom prilikom, u \u017eelji da se opravdaju, ali i da neve\u0161to zamene teze u na\u0161em upozorenju, objavili potvrde izdate od strane Instituta za nuklearne nauke \u201eVin\u010da\u201c iz Beograda u kojima su stru\u010dnjaci Instituta izneli svoje mi\u0161ljenje da se rendgen aparat INOMED TOP X-HF sa rendgenskom cevi broj 35152 mo\u017ee bezbedno koristiti u medicinske svrhe u Para\u0107inu.<\/p>\n<p>Tim povodom, imamo gra\u0111ansku du\u017enost, a ne \u017eelju za \u201esticanjem jeftinih politi\u010dkih poena\u201c, kako to lokalni SNS tvrdi, da rukovodstvo Op\u0161te bolnice u Para\u0107inu jo\u0161 jednom podsetimo da je Odbor Pokreta Dveri 21. februara javnosti ukazao <u>ne na \u010dinjenicu da Bolnica obavlja radiolo\u0161ka snimanja neispravnim i neodobrenim rendgen aparatom, ve\u0107 da se ova snimanja obavljaju u prostoru koji nema zakonom predvi\u0111enu za\u0161titu od \u0161tetnog zra\u010denja<\/u>.<\/p>\n<p><strong><em>&#8211; <\/em><\/strong>Ovde je re\u010d o zameni teza i jeftinoj obmani javnosti. Da bi Kabinet za rendgen bio preme\u0161ten i pu\u0161ten u rad u novom prostoru nije dovoljno odobrenje i pozitivno mi\u0161ljenje Instituta \u201eVin\u010da\u201c, ve\u0107 i odobrenje republi\u010dke Agencije za za\u0161titu od jonizuju\u0107eg zra\u010denja. Bez odobrenja ove agencije svaka upotreba rendgen aparata, kao i drugih izvora zra\u010denja je ozbiljan prestup i atak na zdravlje medicinskih radnika, kao i gra\u0111ana. Upravo iz tog razloga, tra\u017eimo od rukovodstva Op\u0161te bolnice u Para\u0107inu da nam na uvid dostave ne potvrdu Instituta \u201eVin\u010da\u201c, ve\u0107 odobrenje nadle\u017ene republi\u010dke Agencije \u2013 istakao je Srboiljub Micki\u0107, \u010dlan Glavnog odbora Pokreta Dveri.<\/p>\n<p>Ovom prilikom podse\u0107amo upravu Op\u0161te bolnice da je procedura za dobijanje saglasnosti za rad sa izvorima radioaktivnog zra\u010denja u Srbiji takva da je nakon izrade \u201eProjekta mera radijacione sigurnosti i bezbednosti za postavljanje i probni rad redgen aparata\u201c, neophodno obezbediti i saglasnost na ovaj projekat izdatu od strane Agencije za za\u0161titu od jonizuju\u0107eg zra\u010denja i nuklearnu sigurnost Srbije. Bez ove saglasnosti preme\u0161tanje rendgen aparata u novi prostor je ozbiljan prestup, kakvih je u proteklom periodu, na \u017ealost, ve\u0107 bilo u mnogim krajevima Srbije.<\/p>\n<p><strong><em>&#8211; <\/em><\/strong>Budu\u0107i da iskreno sumnjamo da rukovodstvo Op\u0161te bolnice u Para\u0107inu ima pomenutu saglasnost nadle\u017ene republi\u010dke Agencije, na\u0161 odbor \u0107e se potruditi da inicira vanredni inspekcijski pregled Kabineta za rendgen i da od Bolnice zatra\u017ei svu dokumentaciju povodom ovog slu\u010daja. Tokom proteklih dana razgovarali smo i sa mnogima zaposlenim u Op\u0161tinskoj bolnici, kao i na Odeljenju radiologije, koji su sa nama podelili i svoju li\u010dnu zabrinutost povodom preme\u0161tanja Kabineta za rendgen u prostor bez ikakve za\u0161tite \u2013 zaklju\u010dio je Micki\u0107.<\/p>\n","protected":false},"excerpt":{"rendered":"<p>Para\u0107in\u00a0&#8211; Op\u0161ta bolica u Para\u0107inu Sla\u0111ana odbacila\u00a0 je sva na\u0161a dobronamerna upozorenja o velikoj zabrinutosti gra\u0111ana op\u0161tine Para\u0107in, a povodom nedavnog preme\u0161tanje Kabineta za rendgen &hellip; <\/p>\n","protected":false},"author":4,"featured_media":11173,"comment_status":"open","ping_status":"open","sticky":false,"template":"","format":"standard","meta":{"footnotes":""},"categories":[1524,2,1516,13,12],"tags":[135,514,156,2647],"_links":{"self":[{"href":"https:\/\/centralmedia.rs\/index.php\/wp-json\/wp\/v2\/posts\/11223"}],"collection":[{"href":"https:\/\/centralmedia.rs\/index.php\/wp-json\/wp\/v2\/posts"}],"about":[{"href":"https:\/\/centralmedia.rs\/index.php\/wp-json\/wp\/v2\/types\/post"}],"author":[{"embeddable":true,"href":"https:\/\/centralmedia.rs\/index.php\/wp-json\/wp\/v2\/users\/4"}],"replies":[{"embeddable":true,"href":"https:\/\/centralmedia.rs\/index.php\/wp-json\/wp\/v2\/comments?post=11223"}],"version-history":[{"count":1,"href":"https:\/\/centralmedia.rs\/index.php\/wp-json\/wp\/v2\/posts\/11223\/revisions"}],"predecessor-version":[{"id":11224,"href":"https:\/\/centralmedia.rs\/index.php\/wp-json\/wp\/v2\/posts\/11223\/revisions\/11224"}],"wp:featuredmedia":[{"embeddable":true,"href":"https:\/\/centralmedia.rs\/index.php\/wp-json\/wp\/v2\/media\/11173"}],"wp:attachment":[{"href":"https:\/\/centralmedia.rs\/index.php\/wp-json\/wp\/v2\/media?parent=11223"}],"wp:term":[{"taxonomy":"category","embeddable":true,"href":"https:\/\/centralmedia.rs\/index.php\/wp-json\/wp\/v2\/categories?post=11223"},{"taxonomy":"post_tag","embeddable":true,"href":"https:\/\/centralmedia.rs\/index.php\/wp-json\/wp\/v2\/tags?post=11223"}],"curies":[{"name":"wp","href":"https:\/\/api.w.org\/{rel}","templated":true}]}}