{"id":1124,"date":"2015-11-07T13:36:31","date_gmt":"2015-11-07T13:36:31","guid":{"rendered":"http:\/\/centralmedia.rs\/?p=1124"},"modified":"2015-11-07T13:37:01","modified_gmt":"2015-11-07T13:37:01","slug":"u-sviljancu-prvi-pcelarski-centar-u-srbiji-i-na-balkanu","status":"publish","type":"post","link":"https:\/\/centralmedia.rs\/index.php\/2015\/11\/07\/u-sviljancu-prvi-pcelarski-centar-u-srbiji-i-na-balkanu\/","title":{"rendered":"U SVILAJNCU PRVI P\u010cELARSKI CENTAR U SRBIJI I NA BALKANU"},"content":{"rendered":"<p>RADOVLJICA-Op\u0161tine Svilajnac i Radovljica danas su u tom gradu u Sloveniji potpisale protokol o realizaciji projekta osnivanja i izgradnje  prvog P\u010delarskog centra u Srbiji i Balkanu u vrednosti preko milion evra. U organizaciji SO Svilajnac 50 p\u010delara boravilo je u Radovljci i posetilo P\u010delarski centar u tom gradu.<br \/>\n-O\u010dekujem da za dve godine realizujemo ovaj projekat u okviru Poljoprivredno-veterinarske \u0161kole. Na ovaj na\u010din Svilajnac \u0107e postati centar p\u010delarstva u Srbiji i na Balkanu, tako\u0111e, nosilac znanja i struke, te decentralizacije u Srbiji. Cilj je pove\u0107anje proizvodnje meda i otvaranje mogu\u0107nosti p\u010delarima da svoje proizvode plasiraju na tr\u017ei\u0161te EU, istakao je predsednik op\u0161tine Svilajnac Predrag Milanovi\u0107.<br \/>\n<a href=\"https:\/\/centralmedia.rs\/wp-content\/uploads\/2015\/11\/pcelari-iz-Svvilajnca-radovljica-g.j..jpg\"><img loading=\"lazy\" decoding=\"async\" src=\"https:\/\/centralmedia.rs\/wp-content\/uploads\/2015\/11\/pcelari-iz-Svvilajnca-radovljica-g.j.-300x225.jpg\" alt=\"pcelari iz Svvilajnca-radovljica-g.j.\" width=\"300\" height=\"225\" class=\"alignnone size-medium wp-image-1126\" srcset=\"https:\/\/centralmedia.rs\/wp-content\/uploads\/2015\/11\/pcelari-iz-Svvilajnca-radovljica-g.j.-300x225.jpg 300w, https:\/\/centralmedia.rs\/wp-content\/uploads\/2015\/11\/pcelari-iz-Svvilajnca-radovljica-g.j.-80x60.jpg 80w, https:\/\/centralmedia.rs\/wp-content\/uploads\/2015\/11\/pcelari-iz-Svvilajnca-radovljica-g.j.-265x198.jpg 265w, https:\/\/centralmedia.rs\/wp-content\/uploads\/2015\/11\/pcelari-iz-Svvilajnca-radovljica-g.j..jpg 900w\" sizes=\"(max-width: 300px) 100vw, 300px\" \/><\/a><br \/>\nU toku sprovo\u0111enja projekta p\u010delari \u0107e mo\u0107i da se edukuju, a op\u0161tina \u0107e pomo\u0107i iz bud\u017eeta unapre\u0111enje p\u010delarstva, kao i dostizanje standarda neophodnih za izvoz u EU. U tom centru \u0107e p\u010dealri predavati med, koji \u0107e se plasrati u EU, a dobijati sav neophodan repromaterijal.<br \/>\n-Saradnja dve op\u0161tine intezivna je ve\u0107 pet godina. Realizovali smo projekat unapre\u0111enja op\u0161tinske uprave,sada radimo na P\u010delarskom centru u Svilajncu. Stvar je u podizanju kvaliteta meda, jer sa ovog pondeblja dolazi najbolji med u Evropi. Srbija i Slovenija su prijateljske dr\u017eave i primer saradnje na\u0161e dve op\u0161tine govori o tome.Tako da svi treba da nadgra\u0111uju prijateljstvo, ka\u017ee \u017eupan Radovljice Ciril Globo\u010dnik.<br \/>\n<a href=\"https:\/\/centralmedia.rs\/wp-content\/uploads\/2015\/11\/pcelari-iz-Svvilajnca-1-radovljica-g.j..jpg\"><img loading=\"lazy\" decoding=\"async\" src=\"https:\/\/centralmedia.rs\/wp-content\/uploads\/2015\/11\/pcelari-iz-Svvilajnca-1-radovljica-g.j.-300x225.jpg\" alt=\"pcelari iz Svvilajnca 1-radovljica-g.j.\" width=\"300\" height=\"225\" class=\"alignnone size-medium wp-image-1127\" srcset=\"https:\/\/centralmedia.rs\/wp-content\/uploads\/2015\/11\/pcelari-iz-Svvilajnca-1-radovljica-g.j.-300x225.jpg 300w, https:\/\/centralmedia.rs\/wp-content\/uploads\/2015\/11\/pcelari-iz-Svvilajnca-1-radovljica-g.j.-80x60.jpg 80w, https:\/\/centralmedia.rs\/wp-content\/uploads\/2015\/11\/pcelari-iz-Svvilajnca-1-radovljica-g.j.-265x198.jpg 265w, https:\/\/centralmedia.rs\/wp-content\/uploads\/2015\/11\/pcelari-iz-Svvilajnca-1-radovljica-g.j..jpg 900w\" sizes=\"(max-width: 300px) 100vw, 300px\" \/><\/a><br \/>\nDirektor Poljoprivredno-veterinarske \u0161kole Zoran Radosavljevi\u0107 najavio je da \u0107e ta \u0161kola jedina u Srbiji otvoriti smer p\u010delar.<\/p>\n","protected":false},"excerpt":{"rendered":"<p>RADOVLJICA-Op\u0161tine Svilajnac i Radovljica danas su u tom gradu u Sloveniji potpisale protokol o realizaciji projekta osnivanja i izgradnje prvog P\u010delarskog centra u Srbiji i &hellip; <\/p>\n","protected":false},"author":4,"featured_media":1125,"comment_status":"open","ping_status":"open","sticky":false,"template":"","format":"standard","meta":{"footnotes":""},"categories":[22,2,12],"tags":[210,38],"_links":{"self":[{"href":"https:\/\/centralmedia.rs\/index.php\/wp-json\/wp\/v2\/posts\/1124"}],"collection":[{"href":"https:\/\/centralmedia.rs\/index.php\/wp-json\/wp\/v2\/posts"}],"about":[{"href":"https:\/\/centralmedia.rs\/index.php\/wp-json\/wp\/v2\/types\/post"}],"author":[{"embeddable":true,"href":"https:\/\/centralmedia.rs\/index.php\/wp-json\/wp\/v2\/users\/4"}],"replies":[{"embeddable":true,"href":"https:\/\/centralmedia.rs\/index.php\/wp-json\/wp\/v2\/comments?post=1124"}],"version-history":[{"count":0,"href":"https:\/\/centralmedia.rs\/index.php\/wp-json\/wp\/v2\/posts\/1124\/revisions"}],"wp:featuredmedia":[{"embeddable":true,"href":"https:\/\/centralmedia.rs\/index.php\/wp-json\/wp\/v2\/media\/1125"}],"wp:attachment":[{"href":"https:\/\/centralmedia.rs\/index.php\/wp-json\/wp\/v2\/media?parent=1124"}],"wp:term":[{"taxonomy":"category","embeddable":true,"href":"https:\/\/centralmedia.rs\/index.php\/wp-json\/wp\/v2\/categories?post=1124"},{"taxonomy":"post_tag","embeddable":true,"href":"https:\/\/centralmedia.rs\/index.php\/wp-json\/wp\/v2\/tags?post=1124"}],"curies":[{"name":"wp","href":"https:\/\/api.w.org\/{rel}","templated":true}]}}