{"id":11256,"date":"2018-03-07T15:02:08","date_gmt":"2018-03-07T15:02:08","guid":{"rendered":"http:\/\/centralmedia.rs\/?p=11256"},"modified":"2018-03-07T15:02:41","modified_gmt":"2018-03-07T15:02:41","slug":"provala-oblaka-u-jagodini-martovski-grad-grmljavina","status":"publish","type":"post","link":"https:\/\/centralmedia.rs\/index.php\/2018\/03\/07\/provala-oblaka-u-jagodini-martovski-grad-grmljavina\/","title":{"rendered":"PROVALA OBLAKA U JAGODINI &#8211; MARTOVSKI GRAD I GRMLJAVINA"},"content":{"rendered":"<p>JAGODINA- Olujni oblak zahvatio je Jagodinu oko 15.30 i doneo grmljavinu i grad, koja prerasla u jak petnaestominutni pljusak. Nevreme je napunilo ulice i dvori\u0161ta vodom, jer ki\u0161na kanalizacija nije mogla da primi veliku koli\u010dnu vode u kratkom periodu. Posle kra\u0107eg nevremena pojavilo se sunce.<\/p>\n<div id='gallery-1' class='gallery galleryid-11256 gallery-columns-2 gallery-size-full'><figure class='gallery-item'>\n\t\t\t<div class='gallery-icon portrait'>\n\t\t\t\t<a href='https:\/\/centralmedia.rs\/index.php\/2018\/03\/07\/provala-oblaka-u-jagodini-martovski-grad-grmljavina\/provala-oblaka-1\/'><img loading=\"lazy\" decoding=\"async\" width=\"675\" height=\"900\" src=\"https:\/\/centralmedia.rs\/wp-content\/uploads\/2018\/03\/provala-oblaka-1.jpg\" class=\"attachment-full size-full\" alt=\"\" srcset=\"https:\/\/centralmedia.rs\/wp-content\/uploads\/2018\/03\/provala-oblaka-1.jpg 675w, https:\/\/centralmedia.rs\/wp-content\/uploads\/2018\/03\/provala-oblaka-1-225x300.jpg 225w\" sizes=\"(max-width: 675px) 100vw, 675px\" \/><\/a>\n\t\t\t<\/div><\/figure><figure class='gallery-item'>\n\t\t\t<div class='gallery-icon portrait'>\n\t\t\t\t<a href='https:\/\/centralmedia.rs\/index.php\/2018\/03\/07\/provala-oblaka-u-jagodini-martovski-grad-grmljavina\/provala-oblaka\/'><img loading=\"lazy\" decoding=\"async\" width=\"675\" height=\"900\" src=\"https:\/\/centralmedia.rs\/wp-content\/uploads\/2018\/03\/provala-oblaka.jpg\" class=\"attachment-full size-full\" alt=\"\" srcset=\"https:\/\/centralmedia.rs\/wp-content\/uploads\/2018\/03\/provala-oblaka.jpg 675w, https:\/\/centralmedia.rs\/wp-content\/uploads\/2018\/03\/provala-oblaka-225x300.jpg 225w\" sizes=\"(max-width: 675px) 100vw, 675px\" \/><\/a>\n\t\t\t<\/div><\/figure>\n\t\t<\/div>\n\n","protected":false},"excerpt":{"rendered":"<p>JAGODINA- Olujni oblak zahvatio je Jagodinu oko 15.30 i doneo grmljavinu i grad, koja prerasla u jak petnaestominutni pljusak. Nevreme je napunilo ulice i dvori\u0161ta &hellip; <\/p>\n","protected":false},"author":4,"featured_media":11257,"comment_status":"open","ping_status":"open","sticky":false,"template":"","format":"standard","meta":{"footnotes":""},"categories":[1524,2,1514,16,12],"tags":[703,2658,58,2659],"_links":{"self":[{"href":"https:\/\/centralmedia.rs\/index.php\/wp-json\/wp\/v2\/posts\/11256"}],"collection":[{"href":"https:\/\/centralmedia.rs\/index.php\/wp-json\/wp\/v2\/posts"}],"about":[{"href":"https:\/\/centralmedia.rs\/index.php\/wp-json\/wp\/v2\/types\/post"}],"author":[{"embeddable":true,"href":"https:\/\/centralmedia.rs\/index.php\/wp-json\/wp\/v2\/users\/4"}],"replies":[{"embeddable":true,"href":"https:\/\/centralmedia.rs\/index.php\/wp-json\/wp\/v2\/comments?post=11256"}],"version-history":[{"count":2,"href":"https:\/\/centralmedia.rs\/index.php\/wp-json\/wp\/v2\/posts\/11256\/revisions"}],"predecessor-version":[{"id":11261,"href":"https:\/\/centralmedia.rs\/index.php\/wp-json\/wp\/v2\/posts\/11256\/revisions\/11261"}],"wp:featuredmedia":[{"embeddable":true,"href":"https:\/\/centralmedia.rs\/index.php\/wp-json\/wp\/v2\/media\/11257"}],"wp:attachment":[{"href":"https:\/\/centralmedia.rs\/index.php\/wp-json\/wp\/v2\/media?parent=11256"}],"wp:term":[{"taxonomy":"category","embeddable":true,"href":"https:\/\/centralmedia.rs\/index.php\/wp-json\/wp\/v2\/categories?post=11256"},{"taxonomy":"post_tag","embeddable":true,"href":"https:\/\/centralmedia.rs\/index.php\/wp-json\/wp\/v2\/tags?post=11256"}],"curies":[{"name":"wp","href":"https:\/\/api.w.org\/{rel}","templated":true}]}}