{"id":11269,"date":"2018-03-08T10:22:04","date_gmt":"2018-03-08T10:22:04","guid":{"rendered":"http:\/\/centralmedia.rs\/?p=11269"},"modified":"2018-03-08T10:22:04","modified_gmt":"2018-03-08T10:22:04","slug":"ilic-trecinu-penzionera-zlostavljaju-clanovi-porodice","status":"publish","type":"post","link":"https:\/\/centralmedia.rs\/index.php\/2018\/03\/08\/ilic-trecinu-penzionera-zlostavljaju-clanovi-porodice\/","title":{"rendered":"ILI\u0106: TRE\u0106INU PENZIONERA ZLOSTAVLJAJU \u010cLANOVI PORODICE"},"content":{"rendered":"<p>PARA\u0106IN-Predsednik Udru\u017eenja penzionera u Para\u0107inu Milan Ili\u0107 izjavio je da tre\u0107inu penzionera \u010dlanovi porodice fizi\u010dki, verbalno i psihi\u010dki zlostavljaju.<\/p>\n<p>-Penzineri to neiznose javno, jer \u017eive sa svojom sinovima, \u0107erkama i unucima. Sramota ih je ili iz straha ne smeju da pri\u010daju. Na\u017ealost penzioneri su u mnogim porodicama u Srbiji finansijski stubovi. \u010ceka se 10. i 25. u mesecu da bi porodica do\u0161la do novca, ali penzioneri ne dolaze do penzije. \u010clanovi porodica putem nasilja i na druge na\u010dine dolaze do penzije ili uzimaju kratice od penzionera i kupuju na odlo\u017eeno. O tome se pri\u010da kada do\u0111e do tragi\u010dnih doga\u0111aja, rekao je Ili\u0107. i dodao da u Para\u0107inu \u017eivi 15.000 penzionera, \u010detvrtina stanovin\u0161tva, a dve tre\u0107ine \u017eivi ne ivici bede. Odri\u010du se lekova i hrane.<\/p>\n<p>-Vlada Srbije donela privremene mere 2014. godine, koje su prerasle u trajne, a re\u010d je o oduzimanju zna\u010dajnog dela penzije. Mere nisu oro\u010dene i naneta je trajna \u0161teta penzionerima. Penzineri su o\u0161te\u0107eni i neprimenjivanjem \u010dlana 80 Zakona o bud\u017eetu, odnosno penzije ve\u0107 sedam puta nisu uskla\u0111ivane sa tro\u0161kovima \u017eivota. Oko 250.000 ljudi u Srbiji starijih od 65 godina, koji nemaju nikakva primanja, nisu vidljivi za dr\u017eavu. Pored toga, diskriminacija izme\u0111u penzionera u Beogradu i provinciji ogleda se u ,,senior&#8221; karticama, odnosno kupovini po ni\u017eim cenama, povla\u0161\u0107ene ulaznice za sportsko-rekreativne i kulturne sadr\u017eaje. Re\u010d je o 200 kompanija, istakao je Ili\u0107.<\/p>\n<p>On je najavio da \u0107e zbog te\u0161kog i diskriminatorskog odnosa prema penzionerima zatra\u017eiti prijem u Vladi Srbije i Ministarstvu za rad i socijalnu politiku.<\/p>\n","protected":false},"excerpt":{"rendered":"<p>PARA\u0106IN-Predsednik Udru\u017eenja penzionera u Para\u0107inu Milan Ili\u0107 izjavio je da tre\u0107inu penzionera \u010dlanovi porodice fizi\u010dki, verbalno i psihi\u010dki zlostavljaju. -Penzineri to neiznose javno, jer \u017eive &hellip; <\/p>\n","protected":false},"author":4,"featured_media":11270,"comment_status":"open","ping_status":"open","sticky":false,"template":"","format":"standard","meta":{"footnotes":""},"categories":[1524,2,1516,13,12],"tags":[156,728],"_links":{"self":[{"href":"https:\/\/centralmedia.rs\/index.php\/wp-json\/wp\/v2\/posts\/11269"}],"collection":[{"href":"https:\/\/centralmedia.rs\/index.php\/wp-json\/wp\/v2\/posts"}],"about":[{"href":"https:\/\/centralmedia.rs\/index.php\/wp-json\/wp\/v2\/types\/post"}],"author":[{"embeddable":true,"href":"https:\/\/centralmedia.rs\/index.php\/wp-json\/wp\/v2\/users\/4"}],"replies":[{"embeddable":true,"href":"https:\/\/centralmedia.rs\/index.php\/wp-json\/wp\/v2\/comments?post=11269"}],"version-history":[{"count":1,"href":"https:\/\/centralmedia.rs\/index.php\/wp-json\/wp\/v2\/posts\/11269\/revisions"}],"predecessor-version":[{"id":11271,"href":"https:\/\/centralmedia.rs\/index.php\/wp-json\/wp\/v2\/posts\/11269\/revisions\/11271"}],"wp:featuredmedia":[{"embeddable":true,"href":"https:\/\/centralmedia.rs\/index.php\/wp-json\/wp\/v2\/media\/11270"}],"wp:attachment":[{"href":"https:\/\/centralmedia.rs\/index.php\/wp-json\/wp\/v2\/media?parent=11269"}],"wp:term":[{"taxonomy":"category","embeddable":true,"href":"https:\/\/centralmedia.rs\/index.php\/wp-json\/wp\/v2\/categories?post=11269"},{"taxonomy":"post_tag","embeddable":true,"href":"https:\/\/centralmedia.rs\/index.php\/wp-json\/wp\/v2\/tags?post=11269"}],"curies":[{"name":"wp","href":"https:\/\/api.w.org\/{rel}","templated":true}]}}