{"id":11294,"date":"2018-03-13T21:39:04","date_gmt":"2018-03-13T21:39:04","guid":{"rendered":"http:\/\/centralmedia.rs\/?p=11294"},"modified":"2018-03-13T21:39:04","modified_gmt":"2018-03-13T21:39:04","slug":"noufest-2018","status":"publish","type":"post","link":"https:\/\/centralmedia.rs\/index.php\/2018\/03\/13\/noufest-2018\/","title":{"rendered":"NOUFEST 2018."},"content":{"rendered":"<p>\u0106UPRIJA-\u0160esti Regionalni sajam obrazovanja \u2013 NOUfest 2018. bi\u0107e odr\u017ean 15. i 16. marta, u Hali sportova \u201cADA\u201d u \u0106upriji, u organizaciji Regionalnog tima podr\u0161ke za nauku, obrazovanje i umetnost \u2013 NOU tim, a pod pokroviteljstvom op\u0161tine \u0106uprija.<\/p>\n<p>Pod sloganom \u201ePut znanja &#8211; put uspeha\u201d ovogodi\u0161nji NOUfest\u00a0 bi\u0107e pravo mesto za \u0111ake, budu\u0107e studente, profesionalce, ali\u00a0 i roditelje, za upoznavanje sa programima \u0161kola i fakulteta iz Srbije, potencijalnim poslodavcima i budu\u0107im profesijama, ali i mesto novih znanja, poznanstava i iskustava.<\/p>\n<p>Sajam obrazovanja NOUfest 2018 \u00a0\u0107e biti otvoren od 10:00 do 16:00 sati, a sve\u010dano otvaranje je zakazano za \u010detvrtak od 10:00 sati.<\/p>\n<p>Glavni program sajma \u010dine prezentacije 39 fakulteta i visoko\u0161kolskih ustanova sa svih univerziteta u Srbiji, koji \u0107e svoje studijske programe predstavljati prvog dana sajma, 15. marta. Odli\u010dna prilika za sve budu\u0107e studente iz Pomoravlja da se na jednom mestu informi\u0161u o uslovima upisa, studijskim programima, stipendijama i drugim mogu\u0107nostima koje pru\u017eaju visoko\u0161kolske ustanove u Srbiji.<\/p>\n<p>U petak, 16. marta,\u00a0 u okviru NOUfesta, bi\u0107e odr\u017ean drugi po redu Sajam zapo\u0161ljavanja u saradnji sa Nacionalnom slu\u017ebom za zapo\u0161ljavanje. Svi zainteresovani ima\u0107e priliku da ostvare direktan kontakt sa preko 20 poslodavaca koji imaju potrebu za zapo\u0161ljavanjem novih kadrova.<\/p>\n<p>Srednje \u0161kole iz Pomoravlja svoje obrazovne profile predstavi\u0107e tako\u0111e u petak 16. marta.\u00a0 Svim budu\u0107im srednjo\u0161kolcima i njihovim roditeljima, bi\u0107e dostupne detaljne informacije, koje im mogu pomo\u0107i pri upoznavanju sa programima i na\u010dinima rada pomoravskih srednjih \u0161kola.<\/p>\n<p>Tema ovogodi\u0161njeg sajma obrazovanja je \u201eU \u0161ta verujemo\u201d a kroz interesantna predavanja\u00a0 \u201eDa li je Zemlja ipak ravna plo\u010da?\u201d i \u201eVerujete li u sve \u0161to \u010dujete?\u201d poku\u0161a\u0107emo da otvorimo pitanja kriti\u010dkog odnosa prema svakodnevnim informacijama koje dopiru do nas.<\/p>\n<p>Kakav je na\u0161 odnos prema sadr\u017eajima sa kojima se putem medija svakodnevno susre\u0107emo i koliko date sadr\u017eaje preispitujemo stavljaju\u0107i ih u realni kontekst na\u0161e stvarnosti?<\/p>\n<p>Osim ovih predavanja, prate\u0107i program \u010dine:<\/p>\n<ol>\n<li>Prezentacija Fondacije Tempus \u2013 Erazmus+ sa predavanjima:<\/li>\n<\/ol>\n<p>Mogu\u0107nosti za profesionalno usavr\u0161avanje nastavnika i pronalazak partnera kroz Erazmus+ platforme i mre\u017ee,<\/p>\n<p>Erazmus+ projekti za mobilnost i saradnju \u0161kola,<\/p>\n<p>Sistem podr\u0161ke nastavnicima u izvo\u0111enju aktivnosti karijernog vo\u0111enja i savetovanja<\/p>\n<p>Izbor i planiranje karijere<\/p>\n<p>Europass: tvoj alat za predstavljanje znanja i ve\u0161tina,<\/p>\n<p>Erazmus+ mogu\u0107nosti za mobilnost studenata i mladih;<\/p>\n<p>&nbsp;<\/p>\n<ol start=\"2\">\n<li>Program Dostignu\u0107a mladih sa predavanjem:<\/li>\n<\/ol>\n<p>Preduzetni\u0161tvo mladih i rad u\u010deni\u010dkih kompanija<\/p>\n<ol start=\"3\">\n<li>Dr Jelena Radovanovi\u0107 I Vladan Mladenovi\u0107 sa predavanjem:<\/li>\n<\/ol>\n<p>IKT podr\u0161ka i vr\u0161nja\u010dko u\u010denje u nastavi prirodnih nauka<\/p>\n<p>&nbsp;<\/p>\n<p>Ulaz je, kao i ranijih godina, besplatan za sve posetioce, a za organizovane posete u\u010denika iz Jagodine i Para\u0107ina obezbe\u0111en je besplatan prevoz redovnom linijom prevoznika EUROLIN iz Para\u0107ina.<\/p>\n<p>&nbsp;<\/p>\n<p>&nbsp;<\/p>\n","protected":false},"excerpt":{"rendered":"<p>\u0106UPRIJA-\u0160esti Regionalni sajam obrazovanja \u2013 NOUfest 2018. bi\u0107e odr\u017ean 15. i 16. marta, u Hali sportova \u201cADA\u201d u \u0106upriji, u organizaciji Regionalnog tima podr\u0161ke za &hellip; <\/p>\n","protected":false},"author":4,"featured_media":11296,"comment_status":"open","ping_status":"open","sticky":false,"template":"","format":"standard","meta":{"footnotes":""},"categories":[1515,1524,2,16,12],"tags":[44,2667,2666],"_links":{"self":[{"href":"https:\/\/centralmedia.rs\/index.php\/wp-json\/wp\/v2\/posts\/11294"}],"collection":[{"href":"https:\/\/centralmedia.rs\/index.php\/wp-json\/wp\/v2\/posts"}],"about":[{"href":"https:\/\/centralmedia.rs\/index.php\/wp-json\/wp\/v2\/types\/post"}],"author":[{"embeddable":true,"href":"https:\/\/centralmedia.rs\/index.php\/wp-json\/wp\/v2\/users\/4"}],"replies":[{"embeddable":true,"href":"https:\/\/centralmedia.rs\/index.php\/wp-json\/wp\/v2\/comments?post=11294"}],"version-history":[{"count":1,"href":"https:\/\/centralmedia.rs\/index.php\/wp-json\/wp\/v2\/posts\/11294\/revisions"}],"predecessor-version":[{"id":11297,"href":"https:\/\/centralmedia.rs\/index.php\/wp-json\/wp\/v2\/posts\/11294\/revisions\/11297"}],"wp:featuredmedia":[{"embeddable":true,"href":"https:\/\/centralmedia.rs\/index.php\/wp-json\/wp\/v2\/media\/11296"}],"wp:attachment":[{"href":"https:\/\/centralmedia.rs\/index.php\/wp-json\/wp\/v2\/media?parent=11294"}],"wp:term":[{"taxonomy":"category","embeddable":true,"href":"https:\/\/centralmedia.rs\/index.php\/wp-json\/wp\/v2\/categories?post=11294"},{"taxonomy":"post_tag","embeddable":true,"href":"https:\/\/centralmedia.rs\/index.php\/wp-json\/wp\/v2\/tags?post=11294"}],"curies":[{"name":"wp","href":"https:\/\/api.w.org\/{rel}","templated":true}]}}