{"id":11349,"date":"2018-03-16T21:53:36","date_gmt":"2018-03-16T21:53:36","guid":{"rendered":"http:\/\/centralmedia.rs\/?p=11349"},"modified":"2018-03-16T21:53:36","modified_gmt":"2018-03-16T21:53:36","slug":"istorija-srba","status":"publish","type":"post","link":"https:\/\/centralmedia.rs\/index.php\/2018\/03\/16\/istorija-srba\/","title":{"rendered":",,Istorija Srba&#8221;"},"content":{"rendered":"<p>\u0106UPRIJA-U amfiteatru Visoke medicinske \u0161kole strukovnih studija u \u0106upriji, \u00a0u organizaciji Rotari Kluba Morava i VM\u0160, Dragoljub P. Anti\u0107 \u00a0je odr\u017eao predavanje na temu ,,Istorija Srba&#8221;<br \/>\nPredavanje Anti\u0107a, stru\u010dnjaka za nuklearnu energetiku, in\u017eenjera elektrotehnike, magistra tehni\u010dke fizike i penzionisanog saradnika Instituta za nuklearne nauke ,,VIN\u010cA&#8221;, imalo je cilj da podari gra\u0111anima Pomoravlja druga\u010dije vi\u0111enje istorije, sa akcentom na srpski narod kao nastariji narod u okvirima evropske civilizacije.<\/p>\n<p>On se bavi najstarijom srpskom istorijom i teorijom o poreklu Srba u okviru autohtonisti\u010dke \u0161kole. Redovni je \u010dlan Petrovske (carske) akademije i umetnosti u Sankt Peterburgu od 2009. godine. Napisao je vi\u0161e dela o Vin\u010danskoj civilizaciji i Ilirima, a zajedno sa Jovanom Dereti\u0107em i Slobodanom Jar\u010devi\u0107em objavio je knjigu ,,Izmi\u0161ljeno doseljavanje Srba&#8221;.<\/p>\n<p>Direktor Visoke medicinske \u0161kole strukovnih studija dr Hristos Aleksopulos se zahvalio predava\u010du i uru\u010dio mu zahvalnicu, \u00a0istakav\u0161i da edukacija ne podrazumeva samo formalno obrazovanje \u00a0po predvi\u0111enom programu, \u00a0ve\u0107 ima \u0161iri okvir i zna\u010denje i podrazumeva op\u0161te obrazovanje i informisanost, kao i\u00a0 razvijanje ose\u0107aja za vlastitu kulturu. Dr Aleksopulos je tom prilikom istakao da \u0107e VM\u0160 nastojati i ubudu\u0107e da organizuje sa ciljem da doprinose oplemenjivanju mladih ljudi, jer tako formiramo svestrane, savesne i odgovorne \u010dlanove na\u0161eg dru\u0161tva.<\/p>\n<p>Predavanju je prisustvovalo oko 150 gra\u0111ana, gostiju, \u0106uprije, Para\u0107ina, Jagodine i Despotovca.<\/p>\n","protected":false},"excerpt":{"rendered":"<p>\u0106UPRIJA-U amfiteatru Visoke medicinske \u0161kole strukovnih studija u \u0106upriji, \u00a0u organizaciji Rotari Kluba Morava i VM\u0160, Dragoljub P. Anti\u0107 \u00a0je odr\u017eao predavanje na temu ,,Istorija &hellip; <\/p>\n","protected":false},"author":4,"featured_media":11350,"comment_status":"open","ping_status":"open","sticky":false,"template":"","format":"standard","meta":{"footnotes":""},"categories":[1515,1524,2,15,12],"tags":[44,2680,1687],"_links":{"self":[{"href":"https:\/\/centralmedia.rs\/index.php\/wp-json\/wp\/v2\/posts\/11349"}],"collection":[{"href":"https:\/\/centralmedia.rs\/index.php\/wp-json\/wp\/v2\/posts"}],"about":[{"href":"https:\/\/centralmedia.rs\/index.php\/wp-json\/wp\/v2\/types\/post"}],"author":[{"embeddable":true,"href":"https:\/\/centralmedia.rs\/index.php\/wp-json\/wp\/v2\/users\/4"}],"replies":[{"embeddable":true,"href":"https:\/\/centralmedia.rs\/index.php\/wp-json\/wp\/v2\/comments?post=11349"}],"version-history":[{"count":1,"href":"https:\/\/centralmedia.rs\/index.php\/wp-json\/wp\/v2\/posts\/11349\/revisions"}],"predecessor-version":[{"id":11351,"href":"https:\/\/centralmedia.rs\/index.php\/wp-json\/wp\/v2\/posts\/11349\/revisions\/11351"}],"wp:featuredmedia":[{"embeddable":true,"href":"https:\/\/centralmedia.rs\/index.php\/wp-json\/wp\/v2\/media\/11350"}],"wp:attachment":[{"href":"https:\/\/centralmedia.rs\/index.php\/wp-json\/wp\/v2\/media?parent=11349"}],"wp:term":[{"taxonomy":"category","embeddable":true,"href":"https:\/\/centralmedia.rs\/index.php\/wp-json\/wp\/v2\/categories?post=11349"},{"taxonomy":"post_tag","embeddable":true,"href":"https:\/\/centralmedia.rs\/index.php\/wp-json\/wp\/v2\/tags?post=11349"}],"curies":[{"name":"wp","href":"https:\/\/api.w.org\/{rel}","templated":true}]}}