{"id":1135,"date":"2015-11-08T18:42:39","date_gmt":"2015-11-08T18:42:39","guid":{"rendered":"http:\/\/centralmedia.rs\/?p=1135"},"modified":"2015-11-08T18:42:39","modified_gmt":"2015-11-08T18:42:39","slug":"saobracajna-nesreca-kod-cuprije-otac-i-stariji-sin-kriticno","status":"publish","type":"post","link":"https:\/\/centralmedia.rs\/index.php\/2015\/11\/08\/saobracajna-nesreca-kod-cuprije-otac-i-stariji-sin-kriticno\/","title":{"rendered":"SAOBRA\u0106AJNA NESRE\u0106A KOD \u0106UPRIJE- OTAC I STARIJI SIN KRITI\u010cNO"},"content":{"rendered":"<p>POGINULI  MAJKA I MLA\u0110I SIN<br \/>\n\u0106UPRIJA &#8211; U te\u0161koj saobra\u0107ajnoj nesre\u0107i koja se ju\u010de dogodila na autoputu kod \u0106uprije poginuli su Aleksa Arsi\u0107 (12) i njegova majka Nata\u0161a (36)  iz  Voljev\u010de kod Jagodine, a te\u0161ko su povre\u0111eni otac Boban (37) i starijii sin Nikola (16), dok je  \u0107erka An\u0111ela (14) lak\u0161e  povre\u0111ena.<br \/>\n\t-Posle te\u0161ke operacije glave i uklanjanja hematoma Nikola se probudio, ali njegovo stanje je te\u0161ko i komlikovano. Nezahvale su bilo kakve prognoze. Uzdamo se u njegovu mladost. Boban  tako\u0111e ima  te\u0161ke povrede glave. Obojica su na apratima za odr\u017eavanje vitalnih \u017eivotnih funkcija i njihovo stanje se permanentno prati. An\u0111ela je na sre\u0107u samo lak\u0161e povre\u0111ena, ka\u017eu lekari u \u0107uprijskoj bolnici.<br \/>\n<a href=\"https:\/\/centralmedia.rs\/wp-content\/uploads\/2015\/11\/auto-arsica-1-jagodina-g.j..jpg\"><img loading=\"lazy\" decoding=\"async\" src=\"https:\/\/centralmedia.rs\/wp-content\/uploads\/2015\/11\/auto-arsica-1-jagodina-g.j.-300x225.jpg\" alt=\"auto arsica 1-jagodina-g.j.\" width=\"300\" height=\"225\" class=\"alignnone size-medium wp-image-1137\" srcset=\"https:\/\/centralmedia.rs\/wp-content\/uploads\/2015\/11\/auto-arsica-1-jagodina-g.j.-300x225.jpg 300w, https:\/\/centralmedia.rs\/wp-content\/uploads\/2015\/11\/auto-arsica-1-jagodina-g.j.-80x60.jpg 80w, https:\/\/centralmedia.rs\/wp-content\/uploads\/2015\/11\/auto-arsica-1-jagodina-g.j.-265x198.jpg 265w, https:\/\/centralmedia.rs\/wp-content\/uploads\/2015\/11\/auto-arsica-1-jagodina-g.j..jpg 900w\" sizes=\"(max-width: 300px) 100vw, 300px\" \/><\/a><br \/>\nPorodica  Arsi\u0107 se posle zadu\u0161nica, u subotu oko 13 sati, uputila se kod strica u selo Vrbnica u Vitini na Kosmetu. Za volanom je bio otac porodice  Boban. Zbog jo\u0161 neutvr\u0111enih razloga vozilo je udarilo u za\u0161titnu ogradu i zatim se u desnu stranu vi\u0161e puta okrenulo po auto putu dok se nije na\u0161lo u jarku. U prevrtanju automobile ,,hjundai sonata\u201d \u010detvoro Arsi\u0107a su ispali iz vozila, sem An\u0111ele.<br \/>\n<a href=\"https:\/\/centralmedia.rs\/wp-content\/uploads\/2015\/11\/auto-arsica-2-jagodina-g.j..jpg\"><img loading=\"lazy\" decoding=\"async\" src=\"https:\/\/centralmedia.rs\/wp-content\/uploads\/2015\/11\/auto-arsica-2-jagodina-g.j.-300x225.jpg\" alt=\"auto arsica 2-jagodina-g.j.\" width=\"300\" height=\"225\" class=\"alignnone size-medium wp-image-1138\" srcset=\"https:\/\/centralmedia.rs\/wp-content\/uploads\/2015\/11\/auto-arsica-2-jagodina-g.j.-300x225.jpg 300w, https:\/\/centralmedia.rs\/wp-content\/uploads\/2015\/11\/auto-arsica-2-jagodina-g.j.-80x60.jpg 80w, https:\/\/centralmedia.rs\/wp-content\/uploads\/2015\/11\/auto-arsica-2-jagodina-g.j.-265x198.jpg 265w, https:\/\/centralmedia.rs\/wp-content\/uploads\/2015\/11\/auto-arsica-2-jagodina-g.j..jpg 900w\" sizes=\"(max-width: 300px) 100vw, 300px\" \/><\/a><br \/>\n\t-Neverica, jo\u0161 uvek ne mogu da prihvatim da se sve ovo dogodilo, da vi\u0161e ne\u0107u videti Aleksu i snaju Nata\u0161u. Sve mi je jo\u0161 uvek nestvarno, kao u snu. O\u010dekujem ih da se pojave na kapiji, da ka\u017eu da je sve ovo samo ru\u017ean i stra\u0161an san,  ali njih vi\u0161e ih nema. Velika tragedija nas je zadesila, moramo da budemo jaki zbog Radovana i An\u0111ele, mog brata Bobana, pri\u010da kroz suze stric \u017darko (30), koji sa porodicom \u017eivi u istoj ku\u0107i sa Bobanovo porodicom.<br \/>\n<a href=\"https:\/\/centralmedia.rs\/wp-content\/uploads\/2015\/11\/auto-arsica-jagodina-g.j..jpg\"><img loading=\"lazy\" decoding=\"async\" src=\"https:\/\/centralmedia.rs\/wp-content\/uploads\/2015\/11\/auto-arsica-jagodina-g.j.-292x300.jpg\" alt=\"auto arsica-jagodina-g.j.\" width=\"292\" height=\"300\" class=\"alignnone size-medium wp-image-1139\" srcset=\"https:\/\/centralmedia.rs\/wp-content\/uploads\/2015\/11\/auto-arsica-jagodina-g.j.-292x300.jpg 292w, https:\/\/centralmedia.rs\/wp-content\/uploads\/2015\/11\/auto-arsica-jagodina-g.j..jpg 900w\" sizes=\"(max-width: 292px) 100vw, 292px\" \/><\/a><br \/>\nMnogobrojna rodbina i prijatelji iz Srbije i sa Kosmeta do\u0161li u ku\u0107u Arsi\u0107a da podele bol sa porodicom. Tuga, suze, jauci odjukuju iz ku\u0107e Arsi\u0107a.<br \/>\n\t-Aco blago bakino za\u0161to mi se ne vrati\u0161. K\u0107eri Nata\u0161a gde si po\u0161la, \u0161to te nema. Evo svi smo do\u0161li kod tebe, za\u0161to nisi ku\u0107i. Lepote moje, vi\u0161e vas nema. Nema ni meni radosti, naricala Nata\u0161ina majka Coka iz Grn\u010dara kod Vitine. Oko nje se svilo njenjih petoro k\u0107erki i sin, te\u0161e je, ali tuga je pregolema.<br \/>\nDirektor O\u0160 Rada Miljkovi\u0107 Boban Marovi\u0107 ka\u017ee da su Arsi\u0107i uvek bili primer za ostale u\u010denike po pona\u0161anju i u\u010denju, te da \u0107e \u0161kola pomo\u0107i u svemu porodicu da prevazi\u0111e stra\u0161no stradanje i nenadoknadiv gubitak. Grad Jagodina plati\u0107e tro\u0161kove sahrane.<br \/>\n\t-Deca su omiljena u kom\u0161iluku. Aleksa  najmla\u0111u, pravi med, njega smo razmazili. Vi\u0161e nema ko da nas nasmeje i veseli. Mnogo nam je te\u0161ko. An\u0111ela i Radovan su umiljata i lepa deca, velika je sre\u0107a je da su pre\u017eiveli tragediju. Arsi\u0107i su porodica za primer, dobri ljudi, ko\u0161mije i roditelji, pri\u010daju kom\u0161ije Stojadinovi\u0107i.<br \/>\n<a href=\"https:\/\/centralmedia.rs\/wp-content\/uploads\/2015\/11\/auto-arsica-3-jagodina-g.j..jpg\"><img loading=\"lazy\" decoding=\"async\" src=\"https:\/\/centralmedia.rs\/wp-content\/uploads\/2015\/11\/auto-arsica-3-jagodina-g.j.-300x225.jpg\" alt=\"auto arsica 3-jagodina-g.j.\" width=\"300\" height=\"225\" class=\"alignnone size-medium wp-image-1140\" srcset=\"https:\/\/centralmedia.rs\/wp-content\/uploads\/2015\/11\/auto-arsica-3-jagodina-g.j.-300x225.jpg 300w, https:\/\/centralmedia.rs\/wp-content\/uploads\/2015\/11\/auto-arsica-3-jagodina-g.j.-80x60.jpg 80w, https:\/\/centralmedia.rs\/wp-content\/uploads\/2015\/11\/auto-arsica-3-jagodina-g.j.-265x198.jpg 265w, https:\/\/centralmedia.rs\/wp-content\/uploads\/2015\/11\/auto-arsica-3-jagodina-g.j..jpg 900w\" sizes=\"(max-width: 300px) 100vw, 300px\" \/><\/a><br \/>\nBoban radi kao majstor u fabrici plasti\u010dnih profila, a Nata\u0161a je bila doma\u0107ica. Te\u0161ko su \u017eiveli, Krpili su nekako kraj sa krajem, ali se nisu \u017ealili i kukali. Ponosni ljudi.  <\/p>\n<p>Tu\u017eilac je nalo\u017eio obdukciju tela preminulih. Sahrana \u0107e biti obavljena u ponedeljak u 13 sati na seoskom groblju Voljev\u010du.<\/p>\n","protected":false},"excerpt":{"rendered":"<p>POGINULI MAJKA I MLA\u0110I SIN \u0106UPRIJA &#8211; U te\u0161koj saobra\u0107ajnoj nesre\u0107i koja se ju\u010de dogodila na autoputu kod \u0106uprije poginuli su Aleksa Arsi\u0107 (12) i &hellip; <\/p>\n","protected":false},"author":4,"featured_media":1136,"comment_status":"open","ping_status":"open","sticky":false,"template":"","format":"standard","meta":{"footnotes":""},"categories":[20,2,12],"tags":[44,212],"_links":{"self":[{"href":"https:\/\/centralmedia.rs\/index.php\/wp-json\/wp\/v2\/posts\/1135"}],"collection":[{"href":"https:\/\/centralmedia.rs\/index.php\/wp-json\/wp\/v2\/posts"}],"about":[{"href":"https:\/\/centralmedia.rs\/index.php\/wp-json\/wp\/v2\/types\/post"}],"author":[{"embeddable":true,"href":"https:\/\/centralmedia.rs\/index.php\/wp-json\/wp\/v2\/users\/4"}],"replies":[{"embeddable":true,"href":"https:\/\/centralmedia.rs\/index.php\/wp-json\/wp\/v2\/comments?post=1135"}],"version-history":[{"count":0,"href":"https:\/\/centralmedia.rs\/index.php\/wp-json\/wp\/v2\/posts\/1135\/revisions"}],"wp:featuredmedia":[{"embeddable":true,"href":"https:\/\/centralmedia.rs\/index.php\/wp-json\/wp\/v2\/media\/1136"}],"wp:attachment":[{"href":"https:\/\/centralmedia.rs\/index.php\/wp-json\/wp\/v2\/media?parent=1135"}],"wp:term":[{"taxonomy":"category","embeddable":true,"href":"https:\/\/centralmedia.rs\/index.php\/wp-json\/wp\/v2\/categories?post=1135"},{"taxonomy":"post_tag","embeddable":true,"href":"https:\/\/centralmedia.rs\/index.php\/wp-json\/wp\/v2\/tags?post=1135"}],"curies":[{"name":"wp","href":"https:\/\/api.w.org\/{rel}","templated":true}]}}