{"id":11352,"date":"2018-03-16T21:59:11","date_gmt":"2018-03-16T21:59:11","guid":{"rendered":"http:\/\/centralmedia.rs\/?p=11352"},"modified":"2018-03-16T21:59:11","modified_gmt":"2018-03-16T21:59:11","slug":"avdalovici-djukici-resili-stambeno-pitanje","status":"publish","type":"post","link":"https:\/\/centralmedia.rs\/index.php\/2018\/03\/16\/avdalovici-djukici-resili-stambeno-pitanje\/","title":{"rendered":"Avdalovi\u0107i i \u0110uki\u0107i re\u0161ili stambeno pitanje"},"content":{"rendered":"<p>\u0106UPRIJA-\u00a0Porodice Avdalovi\u0107 i \u0110uki\u0107 re\u0161ile si stambeno pitanje. Naime, ove dve izbegli\u010dke porodice re\u0161ile su svoje stambeno pitanje kroz humanitarnu akciju \u201eKrov 2016\u201c, \u010dija je realizacija administrativno omogu\u0107ena Ugovorom o saradnji na realizaciji pomo\u0107i za stvaranje i pobolj\u0161anje uslova stanovanja porodica izbeglih zaklju\u010denim izme\u0111u Komesarijata za izbeglice i migracije i Op\u0161tine \u0106uprija.<\/p>\n<figure id=\"attachment_11354\" aria-describedby=\"caption-attachment-11354\" style=\"width: 300px\" class=\"wp-caption alignright\"><a href=\"https:\/\/centralmedia.rs\/wp-content\/uploads\/2018\/03\/Bespovratna-pomoc-opstine.jpg\"><img loading=\"lazy\" decoding=\"async\" class=\"size-medium wp-image-11354\" src=\"https:\/\/centralmedia.rs\/wp-content\/uploads\/2018\/03\/Bespovratna-pomoc-opstine-300x225.jpg\" alt=\"\" width=\"300\" height=\"225\" srcset=\"https:\/\/centralmedia.rs\/wp-content\/uploads\/2018\/03\/Bespovratna-pomoc-opstine-300x225.jpg 300w, https:\/\/centralmedia.rs\/wp-content\/uploads\/2018\/03\/Bespovratna-pomoc-opstine-768x576.jpg 768w, https:\/\/centralmedia.rs\/wp-content\/uploads\/2018\/03\/Bespovratna-pomoc-opstine-1024x768.jpg 1024w, https:\/\/centralmedia.rs\/wp-content\/uploads\/2018\/03\/Bespovratna-pomoc-opstine-80x60.jpg 80w, https:\/\/centralmedia.rs\/wp-content\/uploads\/2018\/03\/Bespovratna-pomoc-opstine-265x198.jpg 265w, https:\/\/centralmedia.rs\/wp-content\/uploads\/2018\/03\/Bespovratna-pomoc-opstine.jpg 1280w\" sizes=\"(max-width: 300px) 100vw, 300px\" \/><\/a><figcaption id=\"caption-attachment-11354\" class=\"wp-caption-text\">Predsednik op\u0161tine \u0106uprija Ninoslav Eri\u0107<\/figcaption><\/figure>\n<p>Tako je porodica Snje\u017eane Avdalovi\u0107 od sredine marta vlasnik ku\u0107e povr\u0161ine 75 kvadrata u Ulici kneza Milo\u0161a, dok se Nikola \u0110uki\u0107, sa svojim uku\u0107anima, useljava u dvosobni stan od 60 kvadratnih metara, koji se tako\u0111e nalazi u \u0106upriji, u Dobojskoj ulici.<\/p>\n<p>Treba naglasiti da je Komesarijat za izbeglice i migracije, na zahtev Op\u0161tine \u0106uprija, obe porodice oslobodio obaveze vra\u0107anja dela sredstava ulo\u017eenih u kupovinu nepokretnosti, \u0161to u konkretnim slu\u010dajevima iznosi \u00a050 odsto cene, odnosno ne\u0161to vi\u0161e od 565 hiljada dinara po ku\u0107i, tj. kupljenom stanu.<\/p>\n<p>Cenu za kupovinu obe nepokretnosti u visini od 2.263.284 dinara platila je Op\u0161tina \u0106uprija, pa je zato potpis na kupoprodajne ugovore stavio i predsednik Ninoslav Eri\u0107. Kako ka\u017eu u \u0107uprijskoj lokalnoj samoupravi, ovo je bespovratna pomo\u0107 koju Op\u0161tina daje dvema porodicama za re\u0161avanje njihovih stambenih potreba, i dodaju da i ostala izbegla lica \u2013 kojih ima dvadeset na teritoriji op\u0161tine \u2013 mogu da o\u010dekuju neki vid pomo\u0107i u koji \u0107e biti uklju\u010dena Op\u0161tina \u0106uprija sa svim svojim institucionalnim kapacitetom.<\/p>\n<p>Ina\u010de, ovaj human posao Op\u0161tina \u0106uprija uradila je u skladu sa svojom populacionom politikom, koja je utvr\u0111ena Lokalnim akcionim planom za unapre\u0111enje polo\u017eaja izbeglih, interno raseljenih lica i povratnika po osnovu sporazuma o readmisiji u op\u0161tini \u0106uprija, pa ukoliko uzmemo u obzir da predmetni akcioni plan traje do 2020. godine, treba o\u010dekivati jo\u0161 ovakvih i sli\u010dnih akcija u centralnoj lokalnoj samoupravi srednjeg Pomoravlja.<\/p>\n<p>&nbsp;<\/p>\n","protected":false},"excerpt":{"rendered":"<p>\u0106UPRIJA-\u00a0Porodice Avdalovi\u0107 i \u0110uki\u0107 re\u0161ile si stambeno pitanje. Naime, ove dve izbegli\u010dke porodice re\u0161ile su svoje stambeno pitanje kroz humanitarnu akciju \u201eKrov 2016\u201c, \u010dija je &hellip; <\/p>\n","protected":false},"author":4,"featured_media":11353,"comment_status":"open","ping_status":"open","sticky":false,"template":"","format":"standard","meta":{"footnotes":""},"categories":[1515,14,1524,2,12],"tags":[44,1441,2681],"_links":{"self":[{"href":"https:\/\/centralmedia.rs\/index.php\/wp-json\/wp\/v2\/posts\/11352"}],"collection":[{"href":"https:\/\/centralmedia.rs\/index.php\/wp-json\/wp\/v2\/posts"}],"about":[{"href":"https:\/\/centralmedia.rs\/index.php\/wp-json\/wp\/v2\/types\/post"}],"author":[{"embeddable":true,"href":"https:\/\/centralmedia.rs\/index.php\/wp-json\/wp\/v2\/users\/4"}],"replies":[{"embeddable":true,"href":"https:\/\/centralmedia.rs\/index.php\/wp-json\/wp\/v2\/comments?post=11352"}],"version-history":[{"count":1,"href":"https:\/\/centralmedia.rs\/index.php\/wp-json\/wp\/v2\/posts\/11352\/revisions"}],"predecessor-version":[{"id":11355,"href":"https:\/\/centralmedia.rs\/index.php\/wp-json\/wp\/v2\/posts\/11352\/revisions\/11355"}],"wp:featuredmedia":[{"embeddable":true,"href":"https:\/\/centralmedia.rs\/index.php\/wp-json\/wp\/v2\/media\/11353"}],"wp:attachment":[{"href":"https:\/\/centralmedia.rs\/index.php\/wp-json\/wp\/v2\/media?parent=11352"}],"wp:term":[{"taxonomy":"category","embeddable":true,"href":"https:\/\/centralmedia.rs\/index.php\/wp-json\/wp\/v2\/categories?post=11352"},{"taxonomy":"post_tag","embeddable":true,"href":"https:\/\/centralmedia.rs\/index.php\/wp-json\/wp\/v2\/tags?post=11352"}],"curies":[{"name":"wp","href":"https:\/\/api.w.org\/{rel}","templated":true}]}}