{"id":11368,"date":"2018-03-20T23:01:37","date_gmt":"2018-03-20T23:01:37","guid":{"rendered":"http:\/\/centralmedia.rs\/?p=11368"},"modified":"2018-03-20T23:01:37","modified_gmt":"2018-03-20T23:01:37","slug":"u-narodnoj-biblioteci-u-jagodini-portreti-predraga-ejdusa-milene-dravic","status":"publish","type":"post","link":"https:\/\/centralmedia.rs\/index.php\/2018\/03\/20\/u-narodnoj-biblioteci-u-jagodini-portreti-predraga-ejdusa-milene-dravic\/","title":{"rendered":"U NARODNOJ BIBLIOTECI U JAGODINI &#8211; PORTRETI PREDRAGA EJDUSA I MILENE DRAVI\u0106"},"content":{"rendered":"<p>JAGODINA-Tokom 47.  \u201eDanA komedije\u201c u Narodnoj biblioteci u Jagodini bi\u0107e predstvaljeni portreti doajena srpskog glumi\u0161ta Predraga Ejdusa i Milene Dravi\u0107.<br \/>\nU sredu 21. marta bi\u0107e predstavljen portret Ejdusa, ovogodi\u0161njeg dobitnika \u201eZlatnog \u0107urana\u201c, a  \u010detvrtak, 22. mart posve\u0107en je Mileni Dravi\u0107, proslavljenoj srpskoj filmskoj, pozori\u0161noj i televizijskoj glumici. U \u010dast dobitnice \u201eDobri\u010dinog prstena\u201c i ranije \u201eZlatnog \u0107urana\u201c bi\u0107e prikazan dokumentarni film \u201eMali film o velikoj Mileni\u201c, autora i reditelja Milo\u0161a Radovi\u0107a, kao i promocija Monografije \u201eMilena Dravi\u0107\u201c. O monografiji \u0107e govoriti autorka Tatjana Nje\u017ei\u0107 i pozori\u0161ni kriti\u010dar Aleksandra Milosavljevi\u0107.<\/p>\n","protected":false},"excerpt":{"rendered":"<p>JAGODINA-Tokom 47. \u201eDanA komedije\u201c u Narodnoj biblioteci u Jagodini bi\u0107e predstvaljeni portreti doajena srpskog glumi\u0161ta Predraga Ejdusa i Milene Dravi\u0107. U sredu 21. marta bi\u0107e &hellip; <\/p>\n","protected":false},"author":4,"featured_media":11369,"comment_status":"open","ping_status":"open","sticky":false,"template":"","format":"standard","meta":{"footnotes":""},"categories":[1524,2,1514,15,12],"tags":[58,2685,1777,1472],"_links":{"self":[{"href":"https:\/\/centralmedia.rs\/index.php\/wp-json\/wp\/v2\/posts\/11368"}],"collection":[{"href":"https:\/\/centralmedia.rs\/index.php\/wp-json\/wp\/v2\/posts"}],"about":[{"href":"https:\/\/centralmedia.rs\/index.php\/wp-json\/wp\/v2\/types\/post"}],"author":[{"embeddable":true,"href":"https:\/\/centralmedia.rs\/index.php\/wp-json\/wp\/v2\/users\/4"}],"replies":[{"embeddable":true,"href":"https:\/\/centralmedia.rs\/index.php\/wp-json\/wp\/v2\/comments?post=11368"}],"version-history":[{"count":1,"href":"https:\/\/centralmedia.rs\/index.php\/wp-json\/wp\/v2\/posts\/11368\/revisions"}],"predecessor-version":[{"id":11370,"href":"https:\/\/centralmedia.rs\/index.php\/wp-json\/wp\/v2\/posts\/11368\/revisions\/11370"}],"wp:featuredmedia":[{"embeddable":true,"href":"https:\/\/centralmedia.rs\/index.php\/wp-json\/wp\/v2\/media\/11369"}],"wp:attachment":[{"href":"https:\/\/centralmedia.rs\/index.php\/wp-json\/wp\/v2\/media?parent=11368"}],"wp:term":[{"taxonomy":"category","embeddable":true,"href":"https:\/\/centralmedia.rs\/index.php\/wp-json\/wp\/v2\/categories?post=11368"},{"taxonomy":"post_tag","embeddable":true,"href":"https:\/\/centralmedia.rs\/index.php\/wp-json\/wp\/v2\/tags?post=11368"}],"curies":[{"name":"wp","href":"https:\/\/api.w.org\/{rel}","templated":true}]}}