{"id":11389,"date":"2018-03-22T12:36:03","date_gmt":"2018-03-22T12:36:03","guid":{"rendered":"http:\/\/centralmedia.rs\/?p=11389"},"modified":"2018-03-22T12:36:03","modified_gmt":"2018-03-22T12:36:03","slug":"skolske-drugove-silovane-devojcice-podrzala-pedagoskinja","status":"publish","type":"post","link":"https:\/\/centralmedia.rs\/index.php\/2018\/03\/22\/skolske-drugove-silovane-devojcice-podrzala-pedagoskinja\/","title":{"rendered":"\u0160KOLSKE DRUGOVE SILOVANE DEVOJ\u010cICE PODR\u017dALA PEDAGO\u0160KINJA"},"content":{"rendered":"<p>DESPOTOVAC-Posle pisma javnosti \u0161kolskih drugova silovane devoj\u010dice oglasila se na dru\u0161tvenim mre\u017eama i \u0161kolski pedagog Ana Vu\u010dkovi\u0107, koja je podr\u017eala njihove zahteve.<br \/>\n-Ako imam prava kao pedagog kome se devoj\u010dica u \u0161koli po\u017ealila i prijavila ceo slu\u010daj da ka\u017eem par re\u010di o ovim tekstovima koji ovih dana kru\u017ee u medijima, samo bih rekla da se nadam da svi nadle\u017eni koji su radili na ovom slu\u010daju imaju bar malo saose\u0107anja za dete koje je pre\u017eivelo sve to. Smatram da je u celoj situaciji jedino ona i bitna i da bi Centar pre svega trebao da pita nju da li \u017eeli da se vrati kod majke ili ne. Da li se dete tamo ose\u0107a bezbedno i sigurno? Ja u \u0161koli trenutno ne radim, jer sam na trudni\u010dkom bolovanju, ali se od re\u010di do re\u010di sla\u017eem sa pismom u\u010denika i podr\u017eavam njihovo mi\u0161ljenje!<br \/>\nPoslednji put kada sam se videla sa S.M. bilo je u na\u0161oj \u0161koli, u oktobru. Pri\u0161la mi je, pitala sam je kako je, kako joj je u hraniteljskoj porodici i na njoj se videlo da je sre\u0107na i zadovoljna. Medjutim, ono \u0161to mi je rekla nakon toga meni ne da mira, ali ja tu vi\u0161e ne mogu ni\u0161ta. Rekla mi je: \u201cA onog dedu nisu uhapsili&#8230;\u201d. U mojoj izjavi koju sam tada dala u policiji pi\u0161e da je dete pored o\u010duha prijavilo jo\u0161 jedno lice, starijeg \u010doveka iz sela koji je dodirivao, uznemiravao. Medjutim, povodom toga nije preduzeto ni\u0161ta iz meni nepoznatih razloga.<br \/>\nSve ovo ne pi\u0161em da bih bilo koga prozvala ili uvredila, ve\u0107 se samo i iskreno nadam da \u0107e neko ko ovo pro\u010dita preispitati svoju savest i svoje odluke. Bar za ubudu\u0107e. Jer \u017eivot jednog deteta je u pitanju. A to dete mo\u017ee da bude bilo \u010dije, stoji u njenom obra\u0107anju.<br \/>\nOtac devoj\u010dice Sa\u0161a Mrati\u0107 tvrdi da je sve zata\u0161kano, jer je podneo sam krivi\u010dne prijave protiv dede i protiv majke.<\/p>\n","protected":false},"excerpt":{"rendered":"<p>DESPOTOVAC-Posle pisma javnosti \u0161kolskih drugova silovane devoj\u010dice oglasila se na dru\u0161tvenim mre\u017eama i \u0161kolski pedagog Ana Vu\u010dkovi\u0107, koja je podr\u017eala njihove zahteve. -Ako imam prava &hellip; <\/p>\n","protected":false},"author":4,"featured_media":11390,"comment_status":"open","ping_status":"open","sticky":false,"template":"","format":"standard","meta":{"footnotes":""},"categories":[1518,1524,20,2],"tags":[51,2693,2692],"_links":{"self":[{"href":"https:\/\/centralmedia.rs\/index.php\/wp-json\/wp\/v2\/posts\/11389"}],"collection":[{"href":"https:\/\/centralmedia.rs\/index.php\/wp-json\/wp\/v2\/posts"}],"about":[{"href":"https:\/\/centralmedia.rs\/index.php\/wp-json\/wp\/v2\/types\/post"}],"author":[{"embeddable":true,"href":"https:\/\/centralmedia.rs\/index.php\/wp-json\/wp\/v2\/users\/4"}],"replies":[{"embeddable":true,"href":"https:\/\/centralmedia.rs\/index.php\/wp-json\/wp\/v2\/comments?post=11389"}],"version-history":[{"count":1,"href":"https:\/\/centralmedia.rs\/index.php\/wp-json\/wp\/v2\/posts\/11389\/revisions"}],"predecessor-version":[{"id":11391,"href":"https:\/\/centralmedia.rs\/index.php\/wp-json\/wp\/v2\/posts\/11389\/revisions\/11391"}],"wp:featuredmedia":[{"embeddable":true,"href":"https:\/\/centralmedia.rs\/index.php\/wp-json\/wp\/v2\/media\/11390"}],"wp:attachment":[{"href":"https:\/\/centralmedia.rs\/index.php\/wp-json\/wp\/v2\/media?parent=11389"}],"wp:term":[{"taxonomy":"category","embeddable":true,"href":"https:\/\/centralmedia.rs\/index.php\/wp-json\/wp\/v2\/categories?post=11389"},{"taxonomy":"post_tag","embeddable":true,"href":"https:\/\/centralmedia.rs\/index.php\/wp-json\/wp\/v2\/tags?post=11389"}],"curies":[{"name":"wp","href":"https:\/\/api.w.org\/{rel}","templated":true}]}}