{"id":11404,"date":"2018-03-23T22:58:50","date_gmt":"2018-03-23T22:58:50","guid":{"rendered":"http:\/\/centralmedia.rs\/?p=11404"},"modified":"2018-03-23T22:58:50","modified_gmt":"2018-03-23T22:58:50","slug":"u-srpskoj-knjizevnoj-zadruzi-predstavljen-casopis-uzdanica","status":"publish","type":"post","link":"https:\/\/centralmedia.rs\/index.php\/2018\/03\/23\/u-srpskoj-knjizevnoj-zadruzi-predstavljen-casopis-uzdanica\/","title":{"rendered":"U SRPSKOJ KNjI\u017dEVNOJ ZADRUZI PREDSTAVLjEN \u010cASOPIS UZDANICA"},"content":{"rendered":"<p>BEOGRAD- U Srpskoj knji\u017eevnoj zadruzi u Beogradu odr\u017eana je promocija izuzetnog suizdava\u010dkog poduhvata,<br \/>\nFakulteta pedago\u0161kih nauka i Srpske knji\u017eevne zadruge, tematskog broja \u010dasopisa &#8220;Uzdanica&#8221;, posve\u0107enog jezi\u010dkim, knji\u017eevnonau\u010dnim i knji\u017eevnokriti\u010dkim analizama vi\u0161estruko nagra\u0111ivanog romana godine &#8220;Kukavi\u010dja pilad&#8221; Labuda Dragi\u0107a.<br \/>\nNa promociji su govorili urednici Dragan Laki\u0107evi\u0107, direktor Srpske knji\u017eevne zadruge, prof. dr Milo\u0161 Kova\u010devi\u0107 i prof. dr Ilijana \u010cutura, glavni urednik \u010casopisa.<figure id=\"attachment_11406\" aria-describedby=\"caption-attachment-11406\" style=\"width: 638px\" class=\"wp-caption aligncenter\"><a href=\"https:\/\/centralmedia.rs\/wp-content\/uploads\/2018\/03\/ilja.jpg\"><img loading=\"lazy\" decoding=\"async\" src=\"https:\/\/centralmedia.rs\/wp-content\/uploads\/2018\/03\/ilja.jpg\" alt=\"\" width=\"638\" height=\"960\" class=\"size-full wp-image-11406\" srcset=\"https:\/\/centralmedia.rs\/wp-content\/uploads\/2018\/03\/ilja.jpg 638w, https:\/\/centralmedia.rs\/wp-content\/uploads\/2018\/03\/ilja-199x300.jpg 199w\" sizes=\"(max-width: 638px) 100vw, 638px\" \/><\/a><figcaption id=\"caption-attachment-11406\" class=\"wp-caption-text\">Ilijana \u010cutura<\/figcaption><\/figure><br \/>\nAutor romana &#8220;Kukavi\u010dja pilad&#8221; Labud Dragi\u0107 zahvalio se svim autorima i urednicima, a posebno izdava\u010dima &#8211; Zadruzi i Fakultetu.<br \/>\nPosebnu dra\u017e ovom doga\u0111aju dale su muzi\u010dke ta\u010dke u izvo\u0111enju studenata Fakulteta pedago\u0161kih nauka u Jagodini.<br \/>\nSaradnjom sa najstarijom i najrenomiranijom izdava\u010dkom ku\u0107om u Srbiji, Fakultet pedago\u0161kih nauka u Jagodini potvr\u0111uje svoje uspehe na nau\u010dnom planu i obele\u017eava dvostruki jubilej: 120 godina od osnivanja Mu\u0161ke u\u010diteljske \u0161kole i 25 godina postojanja Fakulteta.<br \/>\nOve saradni\u010dke institucije su u pribli\u017eno isto vreme (1892. i 1898.) osnovali Jovan Jovanovi\u0107 Zmaj i Sreten Ad\u017ei\u0107.<\/p>\n","protected":false},"excerpt":{"rendered":"<p>BEOGRAD- U Srpskoj knji\u017eevnoj zadruzi u Beogradu odr\u017eana je promocija izuzetnog suizdava\u010dkog poduhvata, Fakulteta pedago\u0161kih nauka i Srpske knji\u017eevne zadruge, tematskog broja \u010dasopisa &#8220;Uzdanica&#8221;, posve\u0107enog &hellip; <\/p>\n","protected":false},"author":4,"featured_media":11405,"comment_status":"open","ping_status":"open","sticky":false,"template":"","format":"standard","meta":{"footnotes":""},"categories":[1524,2,1514,15,12],"tags":[2531,2698],"_links":{"self":[{"href":"https:\/\/centralmedia.rs\/index.php\/wp-json\/wp\/v2\/posts\/11404"}],"collection":[{"href":"https:\/\/centralmedia.rs\/index.php\/wp-json\/wp\/v2\/posts"}],"about":[{"href":"https:\/\/centralmedia.rs\/index.php\/wp-json\/wp\/v2\/types\/post"}],"author":[{"embeddable":true,"href":"https:\/\/centralmedia.rs\/index.php\/wp-json\/wp\/v2\/users\/4"}],"replies":[{"embeddable":true,"href":"https:\/\/centralmedia.rs\/index.php\/wp-json\/wp\/v2\/comments?post=11404"}],"version-history":[{"count":1,"href":"https:\/\/centralmedia.rs\/index.php\/wp-json\/wp\/v2\/posts\/11404\/revisions"}],"predecessor-version":[{"id":11407,"href":"https:\/\/centralmedia.rs\/index.php\/wp-json\/wp\/v2\/posts\/11404\/revisions\/11407"}],"wp:featuredmedia":[{"embeddable":true,"href":"https:\/\/centralmedia.rs\/index.php\/wp-json\/wp\/v2\/media\/11405"}],"wp:attachment":[{"href":"https:\/\/centralmedia.rs\/index.php\/wp-json\/wp\/v2\/media?parent=11404"}],"wp:term":[{"taxonomy":"category","embeddable":true,"href":"https:\/\/centralmedia.rs\/index.php\/wp-json\/wp\/v2\/categories?post=11404"},{"taxonomy":"post_tag","embeddable":true,"href":"https:\/\/centralmedia.rs\/index.php\/wp-json\/wp\/v2\/tags?post=11404"}],"curies":[{"name":"wp","href":"https:\/\/api.w.org\/{rel}","templated":true}]}}