{"id":11415,"date":"2018-03-24T13:47:43","date_gmt":"2018-03-24T13:47:43","guid":{"rendered":"http:\/\/centralmedia.rs\/?p=11415"},"modified":"2018-03-24T13:47:43","modified_gmt":"2018-03-24T13:47:43","slug":"cupricani-na-nordijskim-danima","status":"publish","type":"post","link":"https:\/\/centralmedia.rs\/index.php\/2018\/03\/24\/cupricani-na-nordijskim-danima\/","title":{"rendered":"\u0106UPRI\u010cANI NA NORDIJSKIM DANIMA"},"content":{"rendered":"<p>BEOGRAD- Povodom obele\u017eavanja Nordijskog dana, direktor Visoke medicinske \u0161kole strukovnih studija u \u0106upriji, dr sci. med. Hristos Aleksopulos i narodni poslanik Svelana Nikoli\u0107 Pavlovi\u0107 prisustvovali su prijemu u Rezidenciji ambasade Norve\u0161ke u Beogradu gde su ambasadori Danske, Finske, \u0160vedske i Norve\u0161ke bili doma\u0107ini ovog prijema. Ovom prilikom dr  Aleksopulos u razgovoru sa ambasadorom Norve\u0161ke, Arne Sanes Bjornstadom, istakao je da je Visoka medicinska \u0161kola strukovnih studija u \u0106upriji veliki prijatelj Horve\u0161kog naroda i bratska \u0161kola sa Visokom \u0161kolom u Trondhajmu sa kojom je imala bilateralnu saradnju. Zapo\u010detu saradnju 2004. godine, u vidu specijalizacije studenata Visoke medicinske \u0161kole iz \u0106uprije iz gerontologije i brige o starim osobama, krunisale su dve generacije svr\u0161enih specijalizanata. U razgovoru sa ambasadorom direktor je pozvao ambasadora  Arne Sanes Bjornstada da poseti Visoku medicinsku \u0161kolu strukovnih studija u \u0106upriji i pomogne \u0161koli u uspostavljanju novih bilateralnih saradnji sa visoko\u0161kolskim ustanovama iz Norve\u0161ke.<figure id=\"attachment_11417\" aria-describedby=\"caption-attachment-11417\" style=\"width: 600px\" class=\"wp-caption aligncenter\"><a href=\"https:\/\/centralmedia.rs\/wp-content\/uploads\/2018\/03\/HRISTOS-I-BJORNSTAD.jpg\"><img loading=\"lazy\" decoding=\"async\" src=\"https:\/\/centralmedia.rs\/wp-content\/uploads\/2018\/03\/HRISTOS-I-BJORNSTAD.jpg\" alt=\"\" width=\"600\" height=\"902\" class=\"size-full wp-image-11417\" srcset=\"https:\/\/centralmedia.rs\/wp-content\/uploads\/2018\/03\/HRISTOS-I-BJORNSTAD.jpg 600w, https:\/\/centralmedia.rs\/wp-content\/uploads\/2018\/03\/HRISTOS-I-BJORNSTAD-200x300.jpg 200w\" sizes=\"(max-width: 600px) 100vw, 600px\" \/><\/a><figcaption id=\"caption-attachment-11417\" class=\"wp-caption-text\">Aleksopulos i Bjorstad<\/figcaption><\/figure><br \/>\nNordijski dan je manifestacija Nordijske me\u0111udr\u017eavne i me\u0111uparlamentarne saradnje koja je jedna od najstarijih i najslo\u017eenijih modela regionalne saradnje u svetu. Nordijski &#8220;ustav&#8221;, tako\u0111e poznat i kao Helsin\u0161ki sporazum &#8211; dokument kojim se reguli\u0161e zvani\u010dna saradnja me\u0111u Nordijskim zemljama &#8211; potpisan je 23. marta 1962. godine u Helsinkiju, prestonici Finske. Od tada se taj dan naziva \u201eNordijski dan&#8221;. Zemlje potpisnice su sve Nordijske zemlje: Danska, Finska, Island, Norve\u0161ka i \u0160vedska. Sporazum sazdr\u017ei 70 paragrafa, kojim se utvr\u0111uju obaveze potpisnika da odr\u017eavaju i neguju saradnju u oblastima zakonodavstva, kulture, socijalne politike, o\u010duvanje \u017eivotne sredine, infrastrukture i privrede. Tako\u0111e, sporazum omogu\u0107ava jednak tretman svih dr\u017eavljana Nordijskih zemalja prilikom dono\u0161enja zakona i drugih regulativa.<br \/>\n\u0160vedska je predsedavaju\u0107a zemlja u teku\u0107oj godini. Premijer \u0160vedske, gospodin Stefan Leven, predstavio je prioritete za 2018. godinu, godinu kada \u0160vedska predsedava Savetom Nordijskih ministara. Program predsedavaju\u0107e zemlje koji je naslovljen \u201eInkluzivni, inovativni i bezbedan Nordijski region&#8221;, podeljen je na tri oblasti.<br \/>\nPrva oblast, \u201eInkluzivni Nordijski region&#8221;, usredsre\u0111en je na socijalni Nordijski model \u010dija su obele\u017eja poverenje, jednakost, rodna ravnopravnost i otvorenost. Polazna ta\u010dka su brojni izazovi koji su zajedni\u010dki za sve Nordijske zemlje u ovim oblastima. Druga oblast, \u201eOdr\u017eiv i inovativan Nordijski region&#8221; fokusira se na nordijske inovacije kao pokreta\u010dku snagu za odr\u017eiv dru\u0161tveni preobra\u017eaj. Tre\u0107a oblast, \u201eBezbedan i otvoren Nordijski region&#8221;, usmerena je na saradnju kojom se obuhvataju pitanja vezana za \u0161iru bezbednost, gde su sigurnost i otvorenost klju\u010dne re\u010di.<br \/>\n\u201eNordijski region se smatra svetskim liderom kada se govori o poverenju prema dru\u0161tvu me\u0111u stanovni\u0161tvom i upravo poverenje ostaje vitalan faktor za rast na\u0161ih dru\u0161tava u ekonomskom i svakom drugom smislu&#8221;, rekao je g. Ula Ande\u0161on, Savetnik ambasade \u0160vedske u Beogradu i \u0161ef kancelarije za razvojnu pomo\u0107 i saradnju (SIDA).<br \/>\nNordijski region je dom za 27 miliona stanovnika koji \u017eive du\u017e osam vremenskih zona i imaju sna\u017enu jezi\u010dku zajednicu &#8211; 80-90% danskih, \u0161vedskih i norve\u0161kih re\u010di su ili identi\u010dne ili sli\u010dne. Jednakost, dobrostanje i demokratija su zajedni\u010dke Nordijske vrednosti koje omogu\u0107avaju blisku me\u0111unordijsku saradnju na svim nivoima &#8211; od predsednika Vlada do u\u010denika osnovnih \u0161kola. Otvorenost, poverenje, kreativnost, odr\u017eivi razvoj i saose\u0107anje su vrednosti zajedni\u010dke za sve Nordijce.<\/p>\n","protected":false},"excerpt":{"rendered":"<p>BEOGRAD- Povodom obele\u017eavanja Nordijskog dana, direktor Visoke medicinske \u0161kole strukovnih studija u \u0106upriji, dr sci. med. Hristos Aleksopulos i narodni poslanik Svelana Nikoli\u0107 Pavlovi\u0107 prisustvovali &hellip; <\/p>\n","protected":false},"author":4,"featured_media":11416,"comment_status":"open","ping_status":"open","sticky":false,"template":"","format":"standard","meta":{"footnotes":""},"categories":[1515,14,1524,2,12],"tags":[2699,2700,1865,1687],"_links":{"self":[{"href":"https:\/\/centralmedia.rs\/index.php\/wp-json\/wp\/v2\/posts\/11415"}],"collection":[{"href":"https:\/\/centralmedia.rs\/index.php\/wp-json\/wp\/v2\/posts"}],"about":[{"href":"https:\/\/centralmedia.rs\/index.php\/wp-json\/wp\/v2\/types\/post"}],"author":[{"embeddable":true,"href":"https:\/\/centralmedia.rs\/index.php\/wp-json\/wp\/v2\/users\/4"}],"replies":[{"embeddable":true,"href":"https:\/\/centralmedia.rs\/index.php\/wp-json\/wp\/v2\/comments?post=11415"}],"version-history":[{"count":1,"href":"https:\/\/centralmedia.rs\/index.php\/wp-json\/wp\/v2\/posts\/11415\/revisions"}],"predecessor-version":[{"id":11418,"href":"https:\/\/centralmedia.rs\/index.php\/wp-json\/wp\/v2\/posts\/11415\/revisions\/11418"}],"wp:featuredmedia":[{"embeddable":true,"href":"https:\/\/centralmedia.rs\/index.php\/wp-json\/wp\/v2\/media\/11416"}],"wp:attachment":[{"href":"https:\/\/centralmedia.rs\/index.php\/wp-json\/wp\/v2\/media?parent=11415"}],"wp:term":[{"taxonomy":"category","embeddable":true,"href":"https:\/\/centralmedia.rs\/index.php\/wp-json\/wp\/v2\/categories?post=11415"},{"taxonomy":"post_tag","embeddable":true,"href":"https:\/\/centralmedia.rs\/index.php\/wp-json\/wp\/v2\/tags?post=11415"}],"curies":[{"name":"wp","href":"https:\/\/api.w.org\/{rel}","templated":true}]}}