{"id":11419,"date":"2018-03-24T14:31:37","date_gmt":"2018-03-24T14:31:37","guid":{"rendered":"http:\/\/centralmedia.rs\/?p=11419"},"modified":"2018-03-24T14:31:37","modified_gmt":"2018-03-24T14:31:37","slug":"svilajnacki-centar-za-brigu-o-porodici-bebama-na-dar-23-paketa-opreme","status":"publish","type":"post","link":"https:\/\/centralmedia.rs\/index.php\/2018\/03\/24\/svilajnacki-centar-za-brigu-o-porodici-bebama-na-dar-23-paketa-opreme\/","title":{"rendered":"SVILAJNA\u010cKI CENTAR ZA BRIGU O PORODICI &#8211; BEBAMA NA DAR 23 PAKETA OPREME"},"content":{"rendered":"<p>SVILAJNAC-U Centru za brigu o porodici u Svilajncu sve\u010dano je uru\u010deno 23 pakera opreme za bebe ro\u0161ene u januaru i februaru.<br \/>\n-Mislim da su mere Vlade Srbije na podsticju ra\u0111anja dodatni stimulans za porodice, jer svi rezultati koje posti\u017eemo su uzaludni ako ne pove\u0107amo natalitet. Mislim da smo na dobrom putu Vlada Srbije, Svilajnac i roditelji, te da \u0107e u narednom periodu biti rezultata, ocenio je predsednik te op\u0161tine Predrag Milanovi\u0107. <div id='gallery-1' class='gallery galleryid-11419 gallery-columns-3 gallery-size-full'><figure class='gallery-item'>\n\t\t\t<div class='gallery-icon landscape'>\n\t\t\t\t<a href='https:\/\/centralmedia.rs\/index.php\/2018\/03\/24\/svilajnacki-centar-za-brigu-o-porodici-bebama-na-dar-23-paketa-opreme\/bebe-1\/'><img loading=\"lazy\" decoding=\"async\" width=\"900\" height=\"600\" src=\"https:\/\/centralmedia.rs\/wp-content\/uploads\/2018\/03\/bebe-1.jpg\" class=\"attachment-full size-full\" alt=\"\" srcset=\"https:\/\/centralmedia.rs\/wp-content\/uploads\/2018\/03\/bebe-1.jpg 900w, https:\/\/centralmedia.rs\/wp-content\/uploads\/2018\/03\/bebe-1-300x200.jpg 300w, https:\/\/centralmedia.rs\/wp-content\/uploads\/2018\/03\/bebe-1-768x512.jpg 768w\" sizes=\"(max-width: 900px) 100vw, 900px\" \/><\/a>\n\t\t\t<\/div><\/figure><figure class='gallery-item'>\n\t\t\t<div class='gallery-icon landscape'>\n\t\t\t\t<a href='https:\/\/centralmedia.rs\/index.php\/2018\/03\/24\/svilajnacki-centar-za-brigu-o-porodici-bebama-na-dar-23-paketa-opreme\/bebe-2\/'><img loading=\"lazy\" decoding=\"async\" width=\"900\" height=\"600\" src=\"https:\/\/centralmedia.rs\/wp-content\/uploads\/2018\/03\/bebe-2.jpg\" class=\"attachment-full size-full\" alt=\"\" srcset=\"https:\/\/centralmedia.rs\/wp-content\/uploads\/2018\/03\/bebe-2.jpg 900w, https:\/\/centralmedia.rs\/wp-content\/uploads\/2018\/03\/bebe-2-300x200.jpg 300w, https:\/\/centralmedia.rs\/wp-content\/uploads\/2018\/03\/bebe-2-768x512.jpg 768w\" sizes=\"(max-width: 900px) 100vw, 900px\" \/><\/a>\n\t\t\t<\/div><\/figure><figure class='gallery-item'>\n\t\t\t<div class='gallery-icon landscape'>\n\t\t\t\t<a href='https:\/\/centralmedia.rs\/index.php\/2018\/03\/24\/svilajnacki-centar-za-brigu-o-porodici-bebama-na-dar-23-paketa-opreme\/bebe-3\/'><img loading=\"lazy\" decoding=\"async\" width=\"900\" height=\"600\" src=\"https:\/\/centralmedia.rs\/wp-content\/uploads\/2018\/03\/bebe-3.jpg\" class=\"attachment-full size-full\" alt=\"\" srcset=\"https:\/\/centralmedia.rs\/wp-content\/uploads\/2018\/03\/bebe-3.jpg 900w, https:\/\/centralmedia.rs\/wp-content\/uploads\/2018\/03\/bebe-3-300x200.jpg 300w, https:\/\/centralmedia.rs\/wp-content\/uploads\/2018\/03\/bebe-3-768x512.jpg 768w\" sizes=\"(max-width: 900px) 100vw, 900px\" \/><\/a>\n\t\t\t<\/div><\/figure>\n\t\t<\/div>\n<br \/>\nPaket ,,Bebama na dar&#8221; vredi 3.700 dinara i sadr\u017ei sve neophodne potrep\u0161itine za najraniji uzrast<br \/>\n-Op\u0161tina Svilajnac radi ve\u0107 mnoge akcije na podsticaju ra\u0111anja, a to je pet vantelesnih oplodnji godi\u0161nje i mogu da se pohvalim da imamo jednu bebu i da su dve na putu. Godinama prilikom ro\u0111enja deteta dajemo jednokratnu pomo\u0107 od 20.000 do 30.000 dinara, u zavisnosti koje je dete u porodici. U duhu vremena mi smo se uklju\u010dili jo\u0161 aktivnije, jer nisu dovoljni samo dobri uslovi za \u017eivot ve\u0107 mora i direktno da se poma\u017ee novoro\u0111enim bebama, ali i kasnije u budu\u0107nosti. Nama su na prvom mestu novoro\u0111ena deca i pomo\u0107 mali\u0161anima. Sve mere ostaju i uvodimo nove, najavio je Milanovi\u0107.<br \/>\nOp\u0161tina Svilajnac praktikuje razli\u010dite podsticaje za podizanje nataliteta,  izdvaja novac za prvo, drugo i tre\u0107e ro\u0111eno dete, kao i za vantelesnu oplodnju. <\/p>\n","protected":false},"excerpt":{"rendered":"<p>SVILAJNAC-U Centru za brigu o porodici u Svilajncu sve\u010dano je uru\u010deno 23 pakera opreme za bebe ro\u0161ene u januaru i februaru. -Mislim da su mere &hellip; <\/p>\n","protected":false},"author":4,"featured_media":11420,"comment_status":"open","ping_status":"open","sticky":false,"template":"","format":"standard","meta":{"footnotes":""},"categories":[14,1524,2,12,1517],"tags":[2701,38],"_links":{"self":[{"href":"https:\/\/centralmedia.rs\/index.php\/wp-json\/wp\/v2\/posts\/11419"}],"collection":[{"href":"https:\/\/centralmedia.rs\/index.php\/wp-json\/wp\/v2\/posts"}],"about":[{"href":"https:\/\/centralmedia.rs\/index.php\/wp-json\/wp\/v2\/types\/post"}],"author":[{"embeddable":true,"href":"https:\/\/centralmedia.rs\/index.php\/wp-json\/wp\/v2\/users\/4"}],"replies":[{"embeddable":true,"href":"https:\/\/centralmedia.rs\/index.php\/wp-json\/wp\/v2\/comments?post=11419"}],"version-history":[{"count":1,"href":"https:\/\/centralmedia.rs\/index.php\/wp-json\/wp\/v2\/posts\/11419\/revisions"}],"predecessor-version":[{"id":11424,"href":"https:\/\/centralmedia.rs\/index.php\/wp-json\/wp\/v2\/posts\/11419\/revisions\/11424"}],"wp:featuredmedia":[{"embeddable":true,"href":"https:\/\/centralmedia.rs\/index.php\/wp-json\/wp\/v2\/media\/11420"}],"wp:attachment":[{"href":"https:\/\/centralmedia.rs\/index.php\/wp-json\/wp\/v2\/media?parent=11419"}],"wp:term":[{"taxonomy":"category","embeddable":true,"href":"https:\/\/centralmedia.rs\/index.php\/wp-json\/wp\/v2\/categories?post=11419"},{"taxonomy":"post_tag","embeddable":true,"href":"https:\/\/centralmedia.rs\/index.php\/wp-json\/wp\/v2\/tags?post=11419"}],"curies":[{"name":"wp","href":"https:\/\/api.w.org\/{rel}","templated":true}]}}