{"id":1142,"date":"2015-11-09T15:00:41","date_gmt":"2015-11-09T15:00:41","guid":{"rendered":"http:\/\/centralmedia.rs\/?p=1142"},"modified":"2015-11-09T15:00:41","modified_gmt":"2015-11-09T15:00:41","slug":"delegacija-od-700-srpskih-studenata-u-becu","status":"publish","type":"post","link":"https:\/\/centralmedia.rs\/index.php\/2015\/11\/09\/delegacija-od-700-srpskih-studenata-u-becu\/","title":{"rendered":"DELEGACIJA OD 700 SRPSKIH STUDENATA U BE\u010cU"},"content":{"rendered":"<p>BE\u010c-U organizaciji Skup\u0161tine grada Jagodina 700 studenata iz 55 gradova u Srbiji doputovalo je danas Be\u010d, gde \u0107e boraviti  do 11 novembra. Studenti su Be\u010du obi\u0161li Univerzitet, koji je osnovan 1365 godine, letnju rezidenciju Hazburgovaca \u0160enbrun, kao i ostale kulturno-istorijske znamenitosti. Ina\u010de, taj grad je progla\u0161avan vi\u0161e puta najboljim za \u017eivot mladih.<br \/>\n<a href=\"https:\/\/centralmedia.rs\/wp-content\/uploads\/2015\/11\/studenti-u-becu-2-bec-g.j..jpg\"><img loading=\"lazy\" decoding=\"async\" src=\"https:\/\/centralmedia.rs\/wp-content\/uploads\/2015\/11\/studenti-u-becu-2-bec-g.j.-300x225.jpg\" alt=\"studenti u becu 2-bec-g.j.\" width=\"300\" height=\"225\" class=\"alignnone size-medium wp-image-1144\" srcset=\"https:\/\/centralmedia.rs\/wp-content\/uploads\/2015\/11\/studenti-u-becu-2-bec-g.j.-300x225.jpg 300w, https:\/\/centralmedia.rs\/wp-content\/uploads\/2015\/11\/studenti-u-becu-2-bec-g.j.-1024x768.jpg 1024w, https:\/\/centralmedia.rs\/wp-content\/uploads\/2015\/11\/studenti-u-becu-2-bec-g.j.-80x60.jpg 80w, https:\/\/centralmedia.rs\/wp-content\/uploads\/2015\/11\/studenti-u-becu-2-bec-g.j.-265x198.jpg 265w, https:\/\/centralmedia.rs\/wp-content\/uploads\/2015\/11\/studenti-u-becu-2-bec-g.j..jpg 1200w\" sizes=\"(max-width: 300px) 100vw, 300px\" \/><\/a><br \/>\n\t-Sjajna ideja je da se studentima omogu\u0107i da borave u Be\u010du i upoznaju se obrazovnim sistemom i kultuno-istorijskim znamenitostima grada. Moji prijatelji nisu verovali da \u0107u besplatno mo\u0107i da putujem u Be\u010d, ali ispri\u010da\u0107u im svoje iskustvo kada se vratim, ka\u017ee Marija Nikoli\u0107 iz \u0106uprije, studentkinja Fakulteta pedago\u0161kih nauka u Jagodini.<br \/>\nDonatori finansiraju boravak Srpskih sudenata u Be\u010du, a obezbedili su im i  d\u017eeparac od 15 evra po studentu.<br \/>\n<a href=\"https:\/\/centralmedia.rs\/wp-content\/uploads\/2015\/11\/studenti-u-becu-3-bec-g.j..jpg\"><img loading=\"lazy\" decoding=\"async\" src=\"https:\/\/centralmedia.rs\/wp-content\/uploads\/2015\/11\/studenti-u-becu-3-bec-g.j.-300x141.jpg\" alt=\"studenti u becu 3-bec-g.j.\" width=\"300\" height=\"141\" class=\"alignnone size-medium wp-image-1145\" srcset=\"https:\/\/centralmedia.rs\/wp-content\/uploads\/2015\/11\/studenti-u-becu-3-bec-g.j.-300x141.jpg 300w, https:\/\/centralmedia.rs\/wp-content\/uploads\/2015\/11\/studenti-u-becu-3-bec-g.j.-1024x482.jpg 1024w, https:\/\/centralmedia.rs\/wp-content\/uploads\/2015\/11\/studenti-u-becu-3-bec-g.j..jpg 1200w\" sizes=\"(max-width: 300px) 100vw, 300px\" \/><\/a><br \/>\n-Moje kolege su bile sumnji\u010dave kada sam im kazala da putujem bespaltno u Be\u010d u organozaciji Jagodine. Zaista je vaoma dobro iskustvo, jer smo dobili informacije o mogu\u0107nosti nastavljanja studija po ni\u017eim cenama nego u Srbiji i planiram da ovde uradim master, isti\u010de Jovana Berak iz Jagodine, student Filolo\u0161kog fakulteta u Beogradu.<br \/>\n<a href=\"https:\/\/centralmedia.rs\/wp-content\/uploads\/2015\/11\/studenti-u-becu-bec-g.j..jpg\"><img loading=\"lazy\" decoding=\"async\" src=\"https:\/\/centralmedia.rs\/wp-content\/uploads\/2015\/11\/studenti-u-becu-bec-g.j.-300x167.jpg\" alt=\"studenti u becu-bec-g.j.\" width=\"300\" height=\"167\" class=\"alignnone size-medium wp-image-1146\" srcset=\"https:\/\/centralmedia.rs\/wp-content\/uploads\/2015\/11\/studenti-u-becu-bec-g.j.-300x167.jpg 300w, https:\/\/centralmedia.rs\/wp-content\/uploads\/2015\/11\/studenti-u-becu-bec-g.j.-1024x571.jpg 1024w, https:\/\/centralmedia.rs\/wp-content\/uploads\/2015\/11\/studenti-u-becu-bec-g.j..jpg 1200w\" sizes=\"(max-width: 300px) 100vw, 300px\" \/><\/a><br \/>\nPrivrednici \u0107e sutra imati sastanke sa kolegama u Ambasadi Srbije u Be\u010du, a politi\u010dari u gradskom parlamentu Be\u010da.<\/p>\n","protected":false},"excerpt":{"rendered":"<p>BE\u010c-U organizaciji Skup\u0161tine grada Jagodina 700 studenata iz 55 gradova u Srbiji doputovalo je danas Be\u010d, gde \u0107e boraviti do 11 novembra. Studenti su Be\u010du &hellip; <\/p>\n","protected":false},"author":4,"featured_media":1143,"comment_status":"open","ping_status":"open","sticky":false,"template":"","format":"standard","meta":{"footnotes":""},"categories":[14,2,12],"tags":[209,120,213],"_links":{"self":[{"href":"https:\/\/centralmedia.rs\/index.php\/wp-json\/wp\/v2\/posts\/1142"}],"collection":[{"href":"https:\/\/centralmedia.rs\/index.php\/wp-json\/wp\/v2\/posts"}],"about":[{"href":"https:\/\/centralmedia.rs\/index.php\/wp-json\/wp\/v2\/types\/post"}],"author":[{"embeddable":true,"href":"https:\/\/centralmedia.rs\/index.php\/wp-json\/wp\/v2\/users\/4"}],"replies":[{"embeddable":true,"href":"https:\/\/centralmedia.rs\/index.php\/wp-json\/wp\/v2\/comments?post=1142"}],"version-history":[{"count":0,"href":"https:\/\/centralmedia.rs\/index.php\/wp-json\/wp\/v2\/posts\/1142\/revisions"}],"wp:featuredmedia":[{"embeddable":true,"href":"https:\/\/centralmedia.rs\/index.php\/wp-json\/wp\/v2\/media\/1143"}],"wp:attachment":[{"href":"https:\/\/centralmedia.rs\/index.php\/wp-json\/wp\/v2\/media?parent=1142"}],"wp:term":[{"taxonomy":"category","embeddable":true,"href":"https:\/\/centralmedia.rs\/index.php\/wp-json\/wp\/v2\/categories?post=1142"},{"taxonomy":"post_tag","embeddable":true,"href":"https:\/\/centralmedia.rs\/index.php\/wp-json\/wp\/v2\/tags?post=1142"}],"curies":[{"name":"wp","href":"https:\/\/api.w.org\/{rel}","templated":true}]}}