{"id":11425,"date":"2018-03-25T22:47:17","date_gmt":"2018-03-25T22:47:17","guid":{"rendered":"http:\/\/centralmedia.rs\/?p=11425"},"modified":"2018-03-25T22:51:46","modified_gmt":"2018-03-25T22:51:46","slug":"nato-bombardovanje-pomoravlja-cuprje-radijacija-posle-bombardovanja","status":"publish","type":"post","link":"https:\/\/centralmedia.rs\/index.php\/2018\/03\/25\/nato-bombardovanje-pomoravlja-cuprje-radijacija-posle-bombardovanja\/","title":{"rendered":"NATO BOMBARDOVANJE POMORAVLJA I \u0106UPRIJE &#8211; BOMBE PROIZVELE RADIJACIJU"},"content":{"rendered":"<p>\u0106UPRIJA- Li\u010dno sam prisustvovao analizi nakon drugog bombardovanja \u0106uprije, imali smo poja\u010danu radijaciju samo zbog metalnih isparenja koja su nastala tokom eksplozije, kada je stvorena visoka temperatura. Imali smo ure\u0111aje za detekciju. Zato i kazem da smo mi ovde odli\u010dno prosli, govori visoki oficir tada\u0161njeg Ministarstva odbrane SRJ, koji je jo\u0161 uvek u obavezi da \u010duva dr\u017eavnu tajnu.<a href=\"https:\/\/centralmedia.rs\/wp-content\/uploads\/2018\/03\/bomb.jpg\"><img loading=\"lazy\" decoding=\"async\" class=\"alignright size-medium wp-image-11426\" src=\"https:\/\/centralmedia.rs\/wp-content\/uploads\/2018\/03\/bomb-300x210.jpg\" alt=\"\" width=\"300\" height=\"210\" srcset=\"https:\/\/centralmedia.rs\/wp-content\/uploads\/2018\/03\/bomb-300x210.jpg 300w, https:\/\/centralmedia.rs\/wp-content\/uploads\/2018\/03\/bomb-100x70.jpg 100w, https:\/\/centralmedia.rs\/wp-content\/uploads\/2018\/03\/bomb.jpg 600w\" sizes=\"(max-width: 300px) 100vw, 300px\" \/><\/a><br \/>\nU NATO bombardovanju Pomoravlja i \u0106uprije izuzetno dobro smo pro\u0161li, jer nisu ga\u0111ali na\u0161a postrojenja u kojima je bilo opasnih materija, ka\u017ee izvor iz MO i dodaje da je bilo od trafo stanica sa kancerogenim uljem, do hemikalnija koje se koriste u prozvodnji, kao i razne kiseline i eksplozivne materije.<br \/>\n-Ga\u0111ali su samo vojne ciljeve i saobra\u0107ajnice. Na\u0161e fabrike nisu na pravilan na\u010din \u010duvale opasne materije koje koriste u proizvodnji, a eksplozivne materije su bile u predvidjenim magacinima u kamenolomima, u rudnicima&#8230;, ka\u017ee izvor iz MO. <a href=\"https:\/\/centralmedia.rs\/wp-content\/uploads\/2018\/03\/bomb-2.jpg\"><img loading=\"lazy\" decoding=\"async\" class=\"alignright size-full wp-image-11429\" src=\"https:\/\/centralmedia.rs\/wp-content\/uploads\/2018\/03\/bomb-2.jpg\" alt=\"\" width=\"261\" height=\"189\" \/><\/a><br \/>\n-Veliki problem su bile benzinske pumpe u \u010dijim su rezervoarima \u010duvana goriva i to ne samo za gra\u0111anstvo, nego i za vojsku. Vojska je pre bombardovanja izmestila sve svoje magacine i skladi\u0161ta, tako da nije bilo \u0161tete, iako su pogo\u0111eni magacini u Dobri\u010devu, Kara\u0111ordjevom brdu, kao i u Vinora\u010di, isti\u010de izvor iz MO.<a href=\"https:\/\/centralmedia.rs\/wp-content\/uploads\/2018\/03\/bomb-4.jpg\"><img loading=\"lazy\" decoding=\"async\" class=\"alignright size-full wp-image-11430\" src=\"https:\/\/centralmedia.rs\/wp-content\/uploads\/2018\/03\/bomb-4.jpg\" alt=\"\" width=\"261\" height=\"184\" srcset=\"https:\/\/centralmedia.rs\/wp-content\/uploads\/2018\/03\/bomb-4.jpg 261w, https:\/\/centralmedia.rs\/wp-content\/uploads\/2018\/03\/bomb-4-100x70.jpg 100w\" sizes=\"(max-width: 261px) 100vw, 261px\" \/><\/a><br \/>\nPotencijalna opasnost su bila razna vozila u kojima su \u010duvane eksplozivne materije i benzin za vojsku, a ta vozila su se nalazila svuda, u svim naseljima. Civilni kamion sa topovskim granatama iz vojnog magacina je stajao na ulici u naseljenom mestu ili civilni kamion cisterna pun benzina za vojsku.<br \/>\n-Znali smo unapred sta se sprema i zato smo izvr\u0161ili blagovremeno sve pripreme. Izmestili smo sve sto je moglo da bude opasno za gra\u0111anstvo, mislim na vojsku. Me\u0111utim, fabrike su i dalje \u010duvale opasne materije za svoje potrebe, navodi izvor iz MO.<a href=\"https:\/\/centralmedia.rs\/wp-content\/uploads\/2018\/03\/most-2.jpg\"><img loading=\"lazy\" decoding=\"async\" class=\"alignright size-medium wp-image-11432\" src=\"https:\/\/centralmedia.rs\/wp-content\/uploads\/2018\/03\/most-2-213x300.jpg\" alt=\"\" width=\"213\" height=\"300\" srcset=\"https:\/\/centralmedia.rs\/wp-content\/uploads\/2018\/03\/most-2-213x300.jpg 213w, https:\/\/centralmedia.rs\/wp-content\/uploads\/2018\/03\/most-2.jpg 683w\" sizes=\"(max-width: 213px) 100vw, 213px\" \/><\/a><br \/>\nOn napominje da u Pomoravlju nije bilo stradalih lica u NATO agresiji. Me\u0111utim, postoji druga vrsta problema &#8211; u raznim oblicima rata psiholoski, hemijski, eletromagnetni, bioloski&#8230; na teritoriji van Pomoravlja, ose\u0107ao se negativan uticaj i u Pomoravlju.<br \/>\n-Zeleno li\u0161\u0107e na vi\u0161njama i ostalom drve\u0107u u Pomoravlju opalo je u toku jula i avgusta. Ko zna sta smo sve jeli, a bilo je kontaminirano. Poseban problem je bilo svakojako zaga\u0111enje na njivama u Vojvodini, a mi smo kupovali vojvo\u0111ansko bra\u0161no, pri\u010da izvor iz MO.<br \/>\n\u0160to se ti\u010de osiroma\u0161enog uranijuma on smatra da \u0107e se posledice pojaviti tek za 20 godina i to na Kosovu i u okolini Vranja.<a href=\"https:\/\/centralmedia.rs\/wp-content\/uploads\/2018\/03\/most.jpg\"><img loading=\"lazy\" decoding=\"async\" class=\"alignright size-medium wp-image-11433\" src=\"https:\/\/centralmedia.rs\/wp-content\/uploads\/2018\/03\/most-300x229.jpg\" alt=\"\" width=\"300\" height=\"229\" srcset=\"https:\/\/centralmedia.rs\/wp-content\/uploads\/2018\/03\/most-300x229.jpg 300w, https:\/\/centralmedia.rs\/wp-content\/uploads\/2018\/03\/most-768x585.jpg 768w, https:\/\/centralmedia.rs\/wp-content\/uploads\/2018\/03\/most-80x60.jpg 80w, https:\/\/centralmedia.rs\/wp-content\/uploads\/2018\/03\/most.jpg 837w\" sizes=\"(max-width: 300px) 100vw, 300px\" \/><\/a><br \/>\n-Pojava raka u Srbiji o kojoj se pri\u010da, nije posledica NATO bombardovanja, nego je posledica \u010cernobila i akcidenata u Kozloduju u Bugarskoj. Kozloduj je atomska centrala na Dunavu, kod Vidina, u kojoj je bilo nekoliko akcidenata. \u010cernobil nam je naneo na dva na\u010dina veliku \u0161tetu &#8211; direktno zbog radioaktivne kise koja je padala u Srbiji i u \u0106upriji, kao i nekoliko godina kasnije kada je na\u0161a dr\u017eava uvozila razne kontaminirane proizvode, jeli smo \u010dokoladu sa ozra\u010denim mlekom u prahu, \u010dokolada iz Austrije, a mleko u prahu iz Poljske i jo\u0161 mnogo, mnogo primera nase gluposti, isti\u010de izvor iz MO.<\/p>\n","protected":false},"excerpt":{"rendered":"<p>\u0106UPRIJA- Li\u010dno sam prisustvovao analizi nakon drugog bombardovanja \u0106uprije, imali smo poja\u010danu radijaciju samo zbog metalnih isparenja koja su nastala tokom eksplozije, kada je stvorena &hellip; <\/p>\n","protected":false},"author":4,"featured_media":11427,"comment_status":"open","ping_status":"open","sticky":false,"template":"","format":"standard","meta":{"footnotes":""},"categories":[1515,1524,20,2],"tags":[2702,44,2703,352],"_links":{"self":[{"href":"https:\/\/centralmedia.rs\/index.php\/wp-json\/wp\/v2\/posts\/11425"}],"collection":[{"href":"https:\/\/centralmedia.rs\/index.php\/wp-json\/wp\/v2\/posts"}],"about":[{"href":"https:\/\/centralmedia.rs\/index.php\/wp-json\/wp\/v2\/types\/post"}],"author":[{"embeddable":true,"href":"https:\/\/centralmedia.rs\/index.php\/wp-json\/wp\/v2\/users\/4"}],"replies":[{"embeddable":true,"href":"https:\/\/centralmedia.rs\/index.php\/wp-json\/wp\/v2\/comments?post=11425"}],"version-history":[{"count":3,"href":"https:\/\/centralmedia.rs\/index.php\/wp-json\/wp\/v2\/posts\/11425\/revisions"}],"predecessor-version":[{"id":11436,"href":"https:\/\/centralmedia.rs\/index.php\/wp-json\/wp\/v2\/posts\/11425\/revisions\/11436"}],"wp:featuredmedia":[{"embeddable":true,"href":"https:\/\/centralmedia.rs\/index.php\/wp-json\/wp\/v2\/media\/11427"}],"wp:attachment":[{"href":"https:\/\/centralmedia.rs\/index.php\/wp-json\/wp\/v2\/media?parent=11425"}],"wp:term":[{"taxonomy":"category","embeddable":true,"href":"https:\/\/centralmedia.rs\/index.php\/wp-json\/wp\/v2\/categories?post=11425"},{"taxonomy":"post_tag","embeddable":true,"href":"https:\/\/centralmedia.rs\/index.php\/wp-json\/wp\/v2\/tags?post=11425"}],"curies":[{"name":"wp","href":"https:\/\/api.w.org\/{rel}","templated":true}]}}