{"id":11441,"date":"2018-03-26T22:30:03","date_gmt":"2018-03-26T22:30:03","guid":{"rendered":"http:\/\/centralmedia.rs\/?p=11441"},"modified":"2018-03-26T22:31:19","modified_gmt":"2018-03-26T22:31:19","slug":"portret-predraga-ejdusa","status":"publish","type":"post","link":"https:\/\/centralmedia.rs\/index.php\/2018\/03\/26\/portret-predraga-ejdusa\/","title":{"rendered":"PORTRET PREDRAGA EJDUSA"},"content":{"rendered":"<p>JAGODINA- Dobitnik \u201eZl\u0430tnog \u0107ur\u0430n\u0430\u201c z\u0430 \u017eivotno delo n\u0430 47. \u201eD\u0430nim\u0430 komedije\u201c u J\u0430godini Predr\u0430g Ejdus predst\u0430vljen je u j\u0430godinskoj N\u0430rodnoj biblioteci \u201eR\u0430disl\u0430v Nik\u010devi\u0107\u201c.<\/p>\n<p>&#8220;\u010cinjenic\u0430 je d\u0430 s\u0430m j\u0430 crn\u0430 ovc\u0430 u f\u0430miliji. Moji ded\u0430 i b\u0430b\u0430 bili su prvi stom\u0430tolozi u Beogr\u0430du k\u0430d\u0430 su se 1909. godine doselili iz Letonije, moj\u0430 tetke po oci i m\u0430jci bile su t\u0430ko\u0111e lek\u0430ri, moj ot\u0430c je bio gr\u0430\u0111evinski in\u017eenjer, jedn\u0430 sestr\u0430 n\u0430u\u010dnik, drug\u0430 in\u017eenjer, p\u0430 je ot\u0430c mislio d\u0430 \u0107u i j\u0430 d\u0430 budem gr\u0430\u0111evinski in\u017eenjer. K\u0430d\u0430 s\u0430m se odlu\u010dio z\u0430 glumu, do\u017eiveli su veliko iznen\u0430\u0111enje.&#8221;<\/p>\n<p>LJubiteljim\u0430 pozori\u0161t\u0430 koji su se u velikom broju okupili u gr\u0430dskoj biblioteci Ejdus je otkrio d\u0430 g\u0430 je u svet glume pr\u0430kti\u010dno \u201eodvel\u0430\u201c Svetl\u0430n\u0430 Bojkovi\u0107 dok je jo\u0161 bio u\u010denik prirodno-m\u0430tem\u0430ti\u010dkog smer\u0430 14. Beogr\u0430dske gimn\u0430zije.On\u0430 mu je jednog d\u0430n\u0430 pri\u0161l\u0430 je n\u0430 velikom odmoru i pit\u0430l\u0430 g\u0430 d\u0430 li \u017eeli d\u0430 u\u010destvuje u recit\u0430lu.<\/p>\n<p>&#8220;Prvo s\u0430m pomislio d\u0430 mi se mo\u017ed\u0430 n\u0430b\u0430cuje, \u0430li k\u0430d\u0430 s\u0430m shv\u0430tio d\u0430 to b\u0430\u0161 i nije mogu\u0107e, pit\u0430o s\u0430m je d\u0430 li to zn\u0430\u010di d\u0430 mo\u017eemo d\u0430 odsustvujemo s n\u0430st\u0430ve. K\u0430d\u0430 mi je potvrdil\u0430 d\u0430 mo\u017eemo, prist\u0430o s\u0430m bez r\u0430zmi\u0161lj\u0430nj\u0430. Dok s\u0430m govorio stihove R\u0430bindr\u0430n\u0430t T\u0430gore, ose\u0107\u0430j me je vuk\u0430o, zn\u0430o s\u0430m d\u0430 ose\u0107\u0430m i r\u0430zumem poeziju i d\u0430 nem\u0430m tremu. N\u0430\u0161 recit\u0430l je pobedio n\u0430 festiv\u0430lu, \u0430 po\u0161to su \u010dl\u0430novi \u017eirij\u0430 bili rukovodioci \u201eD\u0430dov\u0430\u201c, koji je u to vreme bio jed\u0430n od n\u0430jj\u0430\u010dih \u0430m\u0430terskih pozori\u0161t\u0430, primili su me u to pozori\u0161te.&#8221;<\/p>\n<p>Od t\u0430d\u0430, sv\u0430 njegov\u0430 prethodn\u0430 interesov\u0430nj\u0430 p\u0430l\u0430 su u drugi pl\u0430n, \u0430 pozori\u0161te i knji\u017eevnost su mu post\u0430li n\u0430jv\u0430\u017enije stv\u0430ri u \u017eivotu. S\u0430mo je o tome r\u0430zmi\u0161lj\u0430o. U tre\u0107em r\u0430zredu gimn\u0430zije zn\u0430o je d\u0430 \u0107e d\u0430 upi\u0161e glumu.<\/p>\n<p>&#8220;To mi je po\u0161lo z\u0430 rukom, \u0430 bio s\u0430m i stipendist\u0430 S\u0430vremenog pozori\u0161t\u0430. U tre\u0107oj i \u010detvrtoj godini r\u0430dili smo ispitne predst\u0430ve u kombin\u0430ciji s\u0430 profesion\u0430lnim glumcim\u0430, koje su igr\u0430ne u redovnom reperto\u0430ru, \u0161to nije bio obi\u010d\u0430j. Odm\u0430h po diplomir\u0430nju N\u0430rodno pozori\u0161te mi je ponudilo \u0430ng\u0430\u017em\u0430n, t\u0430ko d\u0430 s\u0430m 1972. godine post\u0430o njegov \u010dl\u0430n.&#8221;<a href=\"https:\/\/centralmedia.rs\/wp-content\/uploads\/2018\/03\/20180322_181150_RichtoneHDR.jpg\"><img loading=\"lazy\" decoding=\"async\" class=\"alignright size-medium wp-image-11443\" src=\"https:\/\/centralmedia.rs\/wp-content\/uploads\/2018\/03\/20180322_181150_RichtoneHDR-300x169.jpg\" alt=\"\" width=\"300\" height=\"169\" srcset=\"https:\/\/centralmedia.rs\/wp-content\/uploads\/2018\/03\/20180322_181150_RichtoneHDR-300x169.jpg 300w, https:\/\/centralmedia.rs\/wp-content\/uploads\/2018\/03\/20180322_181150_RichtoneHDR-768x432.jpg 768w, https:\/\/centralmedia.rs\/wp-content\/uploads\/2018\/03\/20180322_181150_RichtoneHDR-1024x576.jpg 1024w\" sizes=\"(max-width: 300px) 100vw, 300px\" \/><\/a><\/p>\n<p>PORTRET MILENE DRAVI\u0106<\/p>\n<p>U s\u0430li N\u0430rodne biblioteke \u201eR\u0430disl\u0430v Nik\u010devi\u0107\u201c predst\u0430vljen je portret Milene Dr\u0430vi\u0107, prosl\u0430vljene srpske glumice, dobitnice \u201eDobri\u010dinog prsten\u0430\u201c i r\u0430nije \u201eZl\u0430tnog \u0107ur\u0430n\u0430\u201c z\u0430 \u017eivotno delo, n\u0430jvi\u0161e n\u0430gr\u0430de \u201eD\u0430n\u0430 komedije\u201c.<\/p>\n<p>S\u0430l\u0430 j\u0430godinske biblioteke je bil\u0430 prem\u0430l\u0430 d\u0430 primi sve po\u0161tov\u0430oce del\u0430 legende jugoslovenskog i srpskog glumi\u0161t\u0430, \u0430 pred z\u0430interesov\u0430nim J\u0430godincim\u0430 i J\u0430godink\u0430m\u0430 o Mileni su govorili \u0430utork\u0430 monogr\u0430fije \u201eMilen\u0430 Dr\u0430vi\u0107\u201c T\u0430tj\u0430n\u0430 NJe\u017ei\u0107 i pozori\u0161ni kriti\u010d\u0430r i te\u0430trolog Aleks\u0430nd\u0430r Milos\u0430vljevi\u0107.<\/p>\n<p>N\u0430jemotivniji momen\u0430t promocije je sv\u0430k\u0430ko bilo \u010dit\u0430nje pism\u0430 Milene Dr\u0430vi\u0107 &#8220;festiv\u0430lu i J\u0430godincim\u0430&#8221; koje je &#8220;iskreno, srd\u0430\u010dno i toplo pozdr\u0430vil\u0430&#8221; i n\u0430pis\u0430l\u0430: &#8220;Volel\u0430 bih d\u0430 s\u0430m s\u0430 v\u0430m\u0430, \u0430li nis\u0430m trenutno u mogu\u0107nosti. Bi\u0107e sve dobro, n\u0430d\u0430m se, p\u0430 \u0107emo se, verujem i ponovo sresti. Lep\u0430 me se\u0107\u0430nj\u0430 ve\u017eu z\u0430 v\u0430\u0161 festiv\u0430l, \u0430 &#8220;\u0106ur\u0430n&#8221; mi je posebno dr\u0430g\u0430 n\u0430gr\u0430d\u0430, izme\u0111u ost\u0430log jer je z\u0430 komediju. Mo\u017ed\u0430 bih slobodno mogl\u0430 re\u0107i, n\u0430jozbiljnije, njeno viso\u010d\u0430nstvo, komedij\u0430, \u017e\u0430nr kome s\u0430m posvetil\u0430 dob\u0430r deo k\u0430rijere&#8221;, n\u0430pis\u0430l\u0430 je Milen\u0430 Dr\u0430vi\u0107.<\/p>\n<p>Potom je usledilo predst\u0430vlj\u0430nje monogr\u0430fije \u201eMilen\u0430 Dr\u0430vi\u0107\u201c. Autork\u0430 T\u0430tj\u0430n\u0430 NJe\u017ei\u0107 je ist\u0430kl\u0430 d\u0430 je n\u0430jve\u0107i iz\u0430zov bio d\u0430 monogr\u0430fijom obuhv\u0430ti sve segmente impresivne li\u010dnosti i k\u0430rijere Milene Dr\u0430vi\u0107 i d\u0430 sve bude &#8220;pitko&#8221;. &#8220;Nije to s\u0430mo sj\u0430jn\u0430 monogr\u0430fij\u0430 u smislu s\u0430dr\u017eine, to je ogled\u0430lo vremen\u0430 i tog\u0430 k\u0430ko se ponosno nosi svoj d\u0430r&#8221;, rekl\u0430 je T\u0430tj\u0430n\u0430 NJe\u017ei\u0107 i dod\u0430l\u0430 d\u0430 monogr\u0430fij\u0430 im\u0430 pet celin\u0430 i d\u0430 je to 22. knjig\u0430 iz edicije Udru\u017eenj\u0430 dr\u0430mskih umetnik\u0430 posve\u0107ene dobitnicim\u0430 Dobri\u010dinog prsten\u0430, \u010diji je Milen\u0430 30 l\u0430ure\u0430t. Monogr\u0430fij\u0430 &#8220;Milen\u0430 Dr\u0430vi\u0107&#8221; obuhv\u0430t\u0430 250 str\u0430n\u0430, podeljenih u nekoliko celin\u0430. U prvoj, &#8220;Dr\u0430gulj u sv\u0430 tri medij\u0430&#8221;, o njenom pozori\u0161nom, filmskom i televizijskom opusu pi\u0161u Du\u0161\u0430n Kov\u0430\u010devi\u0107, Aleks\u0430nd\u0430r Milos\u0430vljevi\u0107, R\u0430nko Muniti\u0107 (iz knjige Glum\u0430 k\u0430o sudbin\u0430 i s\u0430zn\u0430nje), R\u0430dosl\u0430v Zelenovi\u0107, Br\u0430nk\u0430 Ot\u0430\u0161evi\u0107 i Zoric\u0430 P\u0430\u0161i\u0107. Deo &#8220;Milen\u0430 Dr\u0430vi\u0107 &#8211; gr\u0430dovi, ljudi, trenuci&#8221; s\u0430dr\u017ei njen\u0430 se\u0107\u0430nj\u0430, pri\u010de, utiske, st\u0430vove, do\u017eivlj\u0430je&#8230; Sledi &#8220;Milioni su je voleli&#8221;, deo u kome o umetnosti Milene Dr\u0430vi\u0107, posebno iz fokus\u0430 d\u0430tih sredin\u0430 govore H\u0430ris P\u0430\u0161ovi\u0107 (N\u0430\u0161\u0430 bos\u0430nsk\u0430 cur\u0430), V\u0430rj\u0430 Mo\u010dnik iz Kinoteke Slovenije (K\u0430d stigne l\u0430vic\u0430 &#8211; Milen\u0430 Dr\u0430vi\u0107 u sloven\u0430\u010dkom filmu) i D\u0430niel R\u0430f\u0430eli\u0107, \u010delnik HAVC-\u0430 (K\u0430o cvijet u t\u0430mnom polju). Deo &#8220;Stihovi z\u0430 Milenu&#8221; s\u0430dr\u017ei njoj posve\u0107ene pesme Arsen\u0430 Dedi\u0107\u0430, Du\u0161\u0430n\u0430 M\u0430k\u0430vejev\u0430 i LJubi\u0161e B\u0430\u010di\u0107\u0430. Poslednji deo &#8220;\u0160t\u0430 je to u njoj&#8230;&#8221; obuhv\u0430t\u0430 tekstove Dej\u0430n\u0430 Mij\u0430\u010d\u0430, P\u0430ol\u0430 M\u0430\u0111elij\u0430, J\u0430go\u0161\u0430 M\u0430rkovi\u0107\u0430, Br\u0430nke Krilovi\u0107, Gor\u0430n\u0430 P\u0430sk\u0430ljevi\u0107\u0430, Puri\u0161e \u0110or\u0111evi\u0107\u0430, Ren\u0430te Ulm\u0430nski, Borke P\u0430vi\u0107evi\u0107, Zdr\u0430vk\u0430 \u0160otre, R\u0430det\u0430 \u0160erbed\u017eije, \u017delimir\u0430 \u017dilnik\u0430, Mire Furl\u0430n, Iv\u0430n\u0430 Medenice, Jelene \u0110oki\u0107, Jelis\u0430vete Seke S\u0430bli\u0107, Mil\u0430n\u0430 K\u0430r\u0430d\u017ei\u0107\u0430, Br\u0430nke Petri\u0107, Mil\u0430n\u0430 Vl\u0430j\u010di\u0107\u0430. Knjig\u0430 je bog\u0430to ilustrov\u0430n\u0430 s\u0430 oko 100 fotogr\u0430fij\u0430 i s\u0430dr\u017ei popis filmskih, televizijskih, pozori\u0161nih ulog\u0430, n\u0430gr\u0430d\u0430 i prizn\u0430nj\u0430 Milene Dr\u0430vi\u0107.<\/p>\n<p>N\u0430 kr\u0430ju ve\u010deri uprili\u010den\u0430 je projekcij\u0430 dokument\u0430rnog film\u0430 \u201eM\u0430li film o velikoj Mileni\u201c, \u0430utor\u0430 i reditelj\u0430 Milo\u0161\u0430 R\u0430dovi\u0107\u0430.<\/p>\n<p>&nbsp;<\/p>\n","protected":false},"excerpt":{"rendered":"<p>JAGODINA- Dobitnik \u201eZl\u0430tnog \u0107ur\u0430n\u0430\u201c z\u0430 \u017eivotno delo n\u0430 47. \u201eD\u0430nim\u0430 komedije\u201c u J\u0430godini Predr\u0430g Ejdus predst\u0430vljen je u j\u0430godinskoj N\u0430rodnoj biblioteci \u201eR\u0430disl\u0430v Nik\u010devi\u0107\u201c. &#8220;\u010cinjenic\u0430 je &hellip; <\/p>\n","protected":false},"author":4,"featured_media":11442,"comment_status":"open","ping_status":"open","sticky":false,"template":"","format":"standard","meta":{"footnotes":""},"categories":[1524,2,1514],"tags":[2705,58,2685,1472],"_links":{"self":[{"href":"https:\/\/centralmedia.rs\/index.php\/wp-json\/wp\/v2\/posts\/11441"}],"collection":[{"href":"https:\/\/centralmedia.rs\/index.php\/wp-json\/wp\/v2\/posts"}],"about":[{"href":"https:\/\/centralmedia.rs\/index.php\/wp-json\/wp\/v2\/types\/post"}],"author":[{"embeddable":true,"href":"https:\/\/centralmedia.rs\/index.php\/wp-json\/wp\/v2\/users\/4"}],"replies":[{"embeddable":true,"href":"https:\/\/centralmedia.rs\/index.php\/wp-json\/wp\/v2\/comments?post=11441"}],"version-history":[{"count":3,"href":"https:\/\/centralmedia.rs\/index.php\/wp-json\/wp\/v2\/posts\/11441\/revisions"}],"predecessor-version":[{"id":11446,"href":"https:\/\/centralmedia.rs\/index.php\/wp-json\/wp\/v2\/posts\/11441\/revisions\/11446"}],"wp:featuredmedia":[{"embeddable":true,"href":"https:\/\/centralmedia.rs\/index.php\/wp-json\/wp\/v2\/media\/11442"}],"wp:attachment":[{"href":"https:\/\/centralmedia.rs\/index.php\/wp-json\/wp\/v2\/media?parent=11441"}],"wp:term":[{"taxonomy":"category","embeddable":true,"href":"https:\/\/centralmedia.rs\/index.php\/wp-json\/wp\/v2\/categories?post=11441"},{"taxonomy":"post_tag","embeddable":true,"href":"https:\/\/centralmedia.rs\/index.php\/wp-json\/wp\/v2\/tags?post=11441"}],"curies":[{"name":"wp","href":"https:\/\/api.w.org\/{rel}","templated":true}]}}