{"id":11498,"date":"2018-03-29T21:46:00","date_gmt":"2018-03-29T21:46:00","guid":{"rendered":"http:\/\/centralmedia.rs\/?p=11498"},"modified":"2018-03-29T21:48:39","modified_gmt":"2018-03-29T21:48:39","slug":"gost-fpnj-reditelj-scenarista-kosta-ristic","status":"publish","type":"post","link":"https:\/\/centralmedia.rs\/index.php\/2018\/03\/29\/gost-fpnj-reditelj-scenarista-kosta-ristic\/","title":{"rendered":"GOST FPNJ &#8211; REDITELJ I SCENARISTA KOSTA RISTI\u0106"},"content":{"rendered":"<p>JAGODINA- Gost Fakulteta pedago\u0161kih nauka u Jagodini ve\u010deras je bio reditelj i scenarista Kosta Risti\u0107 iz Jagodine, dobitnik Politikine nagrade &#8220;Milutin \u010covi\u0107&#8221; za najboljeg reditelja na ovogodi\u0161njem FESTU u programu &#8220;Srpski film&#8221; za film &#8220;Banditi u potrazi za mamom&#8221;. Nagra\u0111en film je posle FEST-a premijerno prikazan u Jagodini.<a href=\"https:\/\/centralmedia.rs\/wp-content\/uploads\/2018\/03\/RISTIC-1.jpg\"><img loading=\"lazy\" decoding=\"async\" class=\"alignright size-medium wp-image-11500\" src=\"https:\/\/centralmedia.rs\/wp-content\/uploads\/2018\/03\/RISTIC-1-300x159.jpg\" alt=\"\" width=\"300\" height=\"159\" srcset=\"https:\/\/centralmedia.rs\/wp-content\/uploads\/2018\/03\/RISTIC-1-300x159.jpg 300w, https:\/\/centralmedia.rs\/wp-content\/uploads\/2018\/03\/RISTIC-1-768x407.jpg 768w, https:\/\/centralmedia.rs\/wp-content\/uploads\/2018\/03\/RISTIC-1-1024x543.jpg 1024w, https:\/\/centralmedia.rs\/wp-content\/uploads\/2018\/03\/RISTIC-1.jpg 1131w\" sizes=\"(max-width: 300px) 100vw, 300px\" \/><\/a><\/p>\n<p>Razgovor sa Risti\u0107em vodila je profesorka FPNJ dr Ilijana \u010cutura, koja ga pamti i kao svog u\u010denika iz perioda dok je radila u osnovnoj \u0161koli.<\/p>\n<p>Mla\u00addi sce\u00adna\u00adri\u00adsta i re\u00addi\u00adtelj Ko\u00adsta Ri\u00adsti\u0107, autor de\u00adbi\u00adtant\u00adskog du\u00adgo\u00adme\u00adtra\u00ad\u017enog igra\u00adnog fil\u00adma \u201eBan\u00addi\u00adti u po\u00adtra\u00adzi za ma\u00admom\u201c, jed\u00adno\u00adgla\u00adsnom od\u00adlu\u00adkom \u017ei\u00adri\u00adja u \u010di\u00adjem su ra\u00addu u\u010de\u00adstvo\u00adva\u00adli re\u00addi\u00adte\u00adlji Go\u00adran Pa\u00adska\u00adlje\u00advi\u0107 i Bo\u00adjan Vu\u00adle\u00adti\u0107, i film\u00adski kri\u00adti\u00ad\u010dar Dubravka Laki\u0107, osvo\u00adjio je \u201ePo\u00adli\u00adti\u00adki\u00adnu\u201c na\u00adgra\u00addu \u201eMi\u00adlu\u00adtin \u010co\u00adli\u0107\u201c za naj\u00adbo\u00adlji srp\u00adski film na 46. Fe\u00adstu. U obra\u00adzlo\u00ad\u017ee\u00adnju \u201ePo\u00adli\u00adti\u00adki\u00adnog\u201c \u017ei\u00adri\u00adja o Ri\u00adsti\u00ad\u0107e\u00advom fil\u00admu se ka\u00ad\u017ee: \u201eU vre\u00adme\u00adni\u00adma ka\u00adda \u017eu\u00addi\u00admo za slo\u00adbo\u00addom go\u00advo\u00adra, mi\u00ad\u0161lje\u00adnja, iz\u00adbo\u00adra, pra\u00ad\u0161ta\u00adnja, is\u00adka\u00adzi\u00adva\u00adnja emo\u00adci\u00adja; za slo\u00adbo\u00addom dru\u00ad\u017ee\u00adnja, lju\u00adblje\u00adnja, \u017er\u00adtvo\u00adva\u00adnja, sme\u00adja\u00adnja; za slo\u00adbo\u00addom bor\u00adbe za lju\u00adbav ko\u00adju svi \u017ee\u00adli\u00admo i ko\u00adja svi\u00adma tre\u00adba, po\u00adja\u00advio se film ko\u00adji ple\u00adni slo\u00adbo\u00addom.\u201c<\/p>\n<p>&nbsp;<\/p>\n","protected":false},"excerpt":{"rendered":"<p>JAGODINA- Gost Fakulteta pedago\u0161kih nauka u Jagodini ve\u010deras je bio reditelj i scenarista Kosta Risti\u0107 iz Jagodine, dobitnik Politikine nagrade &#8220;Milutin \u010covi\u0107&#8221; za najboljeg reditelja &hellip; <\/p>\n","protected":false},"author":4,"featured_media":11499,"comment_status":"open","ping_status":"open","sticky":false,"template":"","format":"standard","meta":{"footnotes":""},"categories":[1524,2,1514,15,12],"tags":[2531,2725,2724],"_links":{"self":[{"href":"https:\/\/centralmedia.rs\/index.php\/wp-json\/wp\/v2\/posts\/11498"}],"collection":[{"href":"https:\/\/centralmedia.rs\/index.php\/wp-json\/wp\/v2\/posts"}],"about":[{"href":"https:\/\/centralmedia.rs\/index.php\/wp-json\/wp\/v2\/types\/post"}],"author":[{"embeddable":true,"href":"https:\/\/centralmedia.rs\/index.php\/wp-json\/wp\/v2\/users\/4"}],"replies":[{"embeddable":true,"href":"https:\/\/centralmedia.rs\/index.php\/wp-json\/wp\/v2\/comments?post=11498"}],"version-history":[{"count":1,"href":"https:\/\/centralmedia.rs\/index.php\/wp-json\/wp\/v2\/posts\/11498\/revisions"}],"predecessor-version":[{"id":11501,"href":"https:\/\/centralmedia.rs\/index.php\/wp-json\/wp\/v2\/posts\/11498\/revisions\/11501"}],"wp:featuredmedia":[{"embeddable":true,"href":"https:\/\/centralmedia.rs\/index.php\/wp-json\/wp\/v2\/media\/11499"}],"wp:attachment":[{"href":"https:\/\/centralmedia.rs\/index.php\/wp-json\/wp\/v2\/media?parent=11498"}],"wp:term":[{"taxonomy":"category","embeddable":true,"href":"https:\/\/centralmedia.rs\/index.php\/wp-json\/wp\/v2\/categories?post=11498"},{"taxonomy":"post_tag","embeddable":true,"href":"https:\/\/centralmedia.rs\/index.php\/wp-json\/wp\/v2\/tags?post=11498"}],"curies":[{"name":"wp","href":"https:\/\/api.w.org\/{rel}","templated":true}]}}