{"id":11515,"date":"2018-03-30T17:46:59","date_gmt":"2018-03-30T17:46:59","guid":{"rendered":"http:\/\/centralmedia.rs\/?p=11515"},"modified":"2018-03-30T17:46:59","modified_gmt":"2018-03-30T17:46:59","slug":"regionalna-domijada-u-cupriji-kako-smo-citali-nusica-na-nacionalnoj-domijadi","status":"publish","type":"post","link":"https:\/\/centralmedia.rs\/index.php\/2018\/03\/30\/regionalna-domijada-u-cupriji-kako-smo-citali-nusica-na-nacionalnoj-domijadi\/","title":{"rendered":"REGIONALNA DOMIJADA U \u0106UPRIJI &#8211; ,,Kako smo \u010ditali Nu\u0161i\u0107a&#8221; na nacionalnoj Domijadi"},"content":{"rendered":"<p>\u0106UPRIJA- Regionalna Domijada 2018. danas odr\u017eava se u \u0106upriji uz u\u010de\u0161\u0107e 300 srednjo\u0161kolaca iz osam domova u\u010denika srednjih \u0161kola iz Pomoravskog, \u0160umadijskog i Brani\u010devskog okruga.<\/p>\n<p>-Organizovana su takmi\u010denja u literarnom i likovnom stvarala\u0161tvu, organizovana je izlo\u017eba umetni\u010dkih radova, rukotvorina i fotografija, zatim takmi\u010denja u kategoriji muzika, etnomuzika, polualrna i klasi\u010dna muzika, dramski prikaz i plesovi, isti\u010de direktorka Doma u\u010denika Sre\u0107no Tatjana Milojevi\u0107.<\/p>\n<p>Najuspe\u0161niji predstvlja\u0107e region na nacionalnom takmi\u010denju u Kraljevu. Prvo mesto u kategoriji dramskog prikaza pripalo je Domu Sre\u0107no. Re\u017eija, tekst, i scenska adaptacija vaspita\u010dice Marije Miladinovi\u0107.<a href=\"https:\/\/centralmedia.rs\/wp-content\/uploads\/2018\/03\/rezervisano.jpg\"><img loading=\"lazy\" decoding=\"async\" class=\"alignright size-medium wp-image-11517\" src=\"https:\/\/centralmedia.rs\/wp-content\/uploads\/2018\/03\/rezervisano-300x225.jpg\" alt=\"\" width=\"300\" height=\"225\" srcset=\"https:\/\/centralmedia.rs\/wp-content\/uploads\/2018\/03\/rezervisano-300x225.jpg 300w, https:\/\/centralmedia.rs\/wp-content\/uploads\/2018\/03\/rezervisano-768x575.jpg 768w, https:\/\/centralmedia.rs\/wp-content\/uploads\/2018\/03\/rezervisano-80x60.jpg 80w, https:\/\/centralmedia.rs\/wp-content\/uploads\/2018\/03\/rezervisano-265x198.jpg 265w, https:\/\/centralmedia.rs\/wp-content\/uploads\/2018\/03\/rezervisano.jpg 960w\" sizes=\"(max-width: 300px) 100vw, 300px\" \/><\/a><\/p>\n<p>-Tekst se zove &#8220;Kako smo \u010ditali Nu\u0161i\u0107a&#8221; a bavi se &#8220;bitnim ljudima&#8221; iz prvih redova koje uvek sre\u0107emo na pozori\u0161nim premijerama, koncertima, bioskopskim projekcijama i koji uvek imaju nalepljeno ono &#8220;Rezervisano&#8221; na stolicama. E sad, predstava postavlja pitanje ko su svi ti bitni ljudi iz prvih redova i \u0161ta ako smo to ba\u0161 mi? Idemo na nacionalnu Domijadu u Kraljevo, potvrdila je ona.<\/p>\n<p>Pored toga, Dom Sre\u0107no je u kategoriji muzike osvojio dva tre\u0107a mesta, za etno kompoziciju i klasiku. Aran\u017emane za muziku radila je Irena Stojiljkovi\u0107, zatim drugo mesto u disciplini primenjene umetnosti koju je predvodila vaspita\u010dica Suzana Ili\u0107-Pajki\u0107 u saradnji sa likovnim umetnikom Novakom Novakovi\u0107em. \u010cekaju se rezultati za moderni ples i folkolor.<\/p>\n","protected":false},"excerpt":{"rendered":"<p>\u0106UPRIJA- Regionalna Domijada 2018. danas odr\u017eava se u \u0106upriji uz u\u010de\u0161\u0107e 300 srednjo\u0161kolaca iz osam domova u\u010denika srednjih \u0161kola iz Pomoravskog, \u0160umadijskog i Brani\u010devskog okruga. &hellip; <\/p>\n","protected":false},"author":4,"featured_media":11516,"comment_status":"open","ping_status":"open","sticky":false,"template":"","format":"standard","meta":{"footnotes":""},"categories":[1515,14,1524,2,887,12],"tags":[44,1815,2729],"_links":{"self":[{"href":"https:\/\/centralmedia.rs\/index.php\/wp-json\/wp\/v2\/posts\/11515"}],"collection":[{"href":"https:\/\/centralmedia.rs\/index.php\/wp-json\/wp\/v2\/posts"}],"about":[{"href":"https:\/\/centralmedia.rs\/index.php\/wp-json\/wp\/v2\/types\/post"}],"author":[{"embeddable":true,"href":"https:\/\/centralmedia.rs\/index.php\/wp-json\/wp\/v2\/users\/4"}],"replies":[{"embeddable":true,"href":"https:\/\/centralmedia.rs\/index.php\/wp-json\/wp\/v2\/comments?post=11515"}],"version-history":[{"count":1,"href":"https:\/\/centralmedia.rs\/index.php\/wp-json\/wp\/v2\/posts\/11515\/revisions"}],"predecessor-version":[{"id":11518,"href":"https:\/\/centralmedia.rs\/index.php\/wp-json\/wp\/v2\/posts\/11515\/revisions\/11518"}],"wp:featuredmedia":[{"embeddable":true,"href":"https:\/\/centralmedia.rs\/index.php\/wp-json\/wp\/v2\/media\/11516"}],"wp:attachment":[{"href":"https:\/\/centralmedia.rs\/index.php\/wp-json\/wp\/v2\/media?parent=11515"}],"wp:term":[{"taxonomy":"category","embeddable":true,"href":"https:\/\/centralmedia.rs\/index.php\/wp-json\/wp\/v2\/categories?post=11515"},{"taxonomy":"post_tag","embeddable":true,"href":"https:\/\/centralmedia.rs\/index.php\/wp-json\/wp\/v2\/tags?post=11515"}],"curies":[{"name":"wp","href":"https:\/\/api.w.org\/{rel}","templated":true}]}}