{"id":11521,"date":"2018-03-31T06:21:08","date_gmt":"2018-03-31T06:21:08","guid":{"rendered":"http:\/\/centralmedia.rs\/?p=11521"},"modified":"2018-03-31T06:21:58","modified_gmt":"2018-03-31T06:21:58","slug":"supruznicima-izrecena-mera-zabrane-prilaska-jedno-drugom","status":"publish","type":"post","link":"https:\/\/centralmedia.rs\/index.php\/2018\/03\/31\/supruznicima-izrecena-mera-zabrane-prilaska-jedno-drugom\/","title":{"rendered":"SUPRU\u017dNICIMA IZRE\u010cENA MERA ZABRANE PRILASKA JEDNO DRUGOM"},"content":{"rendered":"<p>JAGODINA- Kako prenosi Blic, supru\u017enici iz Jagodine dobili su sudsku zabranu prilaska jedno drugom, i to zbog sumnje\u00a0 &#8220;me\u0111usobnog nasilja u porodici&#8221;.<\/p>\n<p>Nesvakida\u0161nji doga\u0111aj gde su dvoje supru\u017enika kako se sumnja me\u0111usobno po\u010dinili porodi\u010dno nasilje dogodio se 24. februara ove godine.\u00a0Kako Blic saznajem sukobu koji je rezultirao zabranom prilaska prethodila je verbalna sva\u0111a supru\u017enika.<\/p>\n<p>Da je nasilje u porodici izme\u0111u ovih supru\u017enika prijavljeno, kao i da je oboma zabranjen prilazak drugoj strani, zvani\u010dno je Blicu potvr\u0111eno u Osnovnom tu\u017eila\u0161tvu u Jagodini.<\/p>\n<p>&#8211; Osnovni sud u Jagodini usvojio je predlog OJT Jagodina i doneo re\u0161enje kojim se prema B. K. nala\u017ee da se privremeno udalji iz stana i da ne prilazi \u017ertvi nasilja svojoj vanbra\u010dnoj supruzi S. I., dok je S. I. nalo\u017eeno da ne prilazi \u017ertvi nasilja, svom vanbra\u010dnom suprugu B. K., kao i da ne kontaktiraju jedno s drugim &#8211; navode u Osnovnom tu\u017eila\u0161tvu.<\/p>\n<div class=\"advertisemnt-intext-slot clear\">\n<div class=\"banner\">\n<div id=\"ado-T91Btjj4vAZDwgJ_pdPudRatAYSFMgeVt4vqewxSS4b.r7\">\u00a0Predstoji saslu\u0161anje supru\u017enika i svedoka.<\/div>\n<\/div>\n<\/div>\n","protected":false},"excerpt":{"rendered":"<p>JAGODINA- Kako prenosi Blic, supru\u017enici iz Jagodine dobili su sudsku zabranu prilaska jedno drugom, i to zbog sumnje\u00a0 &#8220;me\u0111usobnog nasilja u porodici&#8221;. Nesvakida\u0161nji doga\u0111aj gde &hellip; <\/p>\n","protected":false},"author":4,"featured_media":11066,"comment_status":"open","ping_status":"open","sticky":false,"template":"","format":"standard","meta":{"footnotes":""},"categories":[1524,20,2,1514],"tags":[58,1783],"_links":{"self":[{"href":"https:\/\/centralmedia.rs\/index.php\/wp-json\/wp\/v2\/posts\/11521"}],"collection":[{"href":"https:\/\/centralmedia.rs\/index.php\/wp-json\/wp\/v2\/posts"}],"about":[{"href":"https:\/\/centralmedia.rs\/index.php\/wp-json\/wp\/v2\/types\/post"}],"author":[{"embeddable":true,"href":"https:\/\/centralmedia.rs\/index.php\/wp-json\/wp\/v2\/users\/4"}],"replies":[{"embeddable":true,"href":"https:\/\/centralmedia.rs\/index.php\/wp-json\/wp\/v2\/comments?post=11521"}],"version-history":[{"count":3,"href":"https:\/\/centralmedia.rs\/index.php\/wp-json\/wp\/v2\/posts\/11521\/revisions"}],"predecessor-version":[{"id":11524,"href":"https:\/\/centralmedia.rs\/index.php\/wp-json\/wp\/v2\/posts\/11521\/revisions\/11524"}],"wp:featuredmedia":[{"embeddable":true,"href":"https:\/\/centralmedia.rs\/index.php\/wp-json\/wp\/v2\/media\/11066"}],"wp:attachment":[{"href":"https:\/\/centralmedia.rs\/index.php\/wp-json\/wp\/v2\/media?parent=11521"}],"wp:term":[{"taxonomy":"category","embeddable":true,"href":"https:\/\/centralmedia.rs\/index.php\/wp-json\/wp\/v2\/categories?post=11521"},{"taxonomy":"post_tag","embeddable":true,"href":"https:\/\/centralmedia.rs\/index.php\/wp-json\/wp\/v2\/tags?post=11521"}],"curies":[{"name":"wp","href":"https:\/\/api.w.org\/{rel}","templated":true}]}}