{"id":11626,"date":"2018-04-11T10:13:20","date_gmt":"2018-04-11T10:13:20","guid":{"rendered":"http:\/\/centralmedia.rs\/?p=11626"},"modified":"2018-04-11T10:13:20","modified_gmt":"2018-04-11T10:13:20","slug":"zivkovic-nuzno-je-objedinjavanje-opozicije-u-najavi-savez-stranaka","status":"publish","type":"post","link":"https:\/\/centralmedia.rs\/index.php\/2018\/04\/11\/zivkovic-nuzno-je-objedinjavanje-opozicije-u-najavi-savez-stranaka\/","title":{"rendered":"\u017dIVKOVI\u0106: NU\u017dNO JE OBJEDINJAVANJE OPOZICIJE &#8211; U NAJAVI SAVEZ STRANAKA"},"content":{"rendered":"<p>JAGODINA- Nu\u017eno je objedinjavanjenje normalne, zdrave demokratske opozicije u Srbiji u ne\u0161to vi\u0161e od kolaicije \u0161to bi mogli da zovemo savezom stranaka, izjavio je u Jagodini predsednik Nove stranke Zoran \u017divkovi\u0107.<a href=\"https:\/\/centralmedia.rs\/wp-content\/uploads\/2018\/04\/ns-3.jpg\"><img loading=\"lazy\" decoding=\"async\" class=\"alignright size-medium wp-image-11628\" src=\"https:\/\/centralmedia.rs\/wp-content\/uploads\/2018\/04\/ns-3-300x190.jpg\" alt=\"\" width=\"300\" height=\"190\" srcset=\"https:\/\/centralmedia.rs\/wp-content\/uploads\/2018\/04\/ns-3-300x190.jpg 300w, https:\/\/centralmedia.rs\/wp-content\/uploads\/2018\/04\/ns-3-768x486.jpg 768w, https:\/\/centralmedia.rs\/wp-content\/uploads\/2018\/04\/ns-3.jpg 900w\" sizes=\"(max-width: 300px) 100vw, 300px\" \/><\/a><\/p>\n<p>-Ako bude postavljeno na zdrave temelje, ako bude osmi\u0161ljeno i dobronamerno ojedinjavanje opozicije\u00a0 apsolutno neophodno. Sa druge strane su se uvezali i napravili \u010dvrstu koaliciju primitivizam, korupcija i kriminal. Moramo da damo pravi odgovor, a to je \u0161iroka demokratska koalicije, odnosno ne\u0161to vi\u0161e od toga \u0161to bi mogli da zovemo savezom stranaka, rekao je \u017divkovi\u0107 na otvaranju prostorija Nove stranke u Jagodini.<\/p>\n<p>On je dodao da posle beogradskih izbora Dragan \u0110ilas ima najve\u0107e pravo da predla\u017ee takvu inicijativu.<\/p>\n<p>-Pojavila se inicijativa \u0110ilasa, ali jo\u0161 uvek najve\u0107i broj stranaka nije dobio ni direktno obave\u0161tenje o tome, niti direktan poziv za razgovor. Potpuno je logig\u010dno da \u0110ilas bude u vrhu te koalicije. \u00a0Kada se formiraju veliki savezi, onda tu postoji u\u017ee rukovodstvo koje to afirmi\u0161e i radi. Treba afirmisati ljude kao kandidate za razne funkcije, istakao je \u017divkovi\u0107.<\/p>\n<p>On je konstatovao da \u0107e parlemantarni izbori biti raspisani pre 2020. godine i da opozicija mora uvek da bude spremna za izbore, kao i da ih inicira, te da spremnost zavisi od ,,aktivizma i malo hrabrosti&#8221;.<\/p>\n<p>&nbsp;<\/p>\n","protected":false},"excerpt":{"rendered":"<p>JAGODINA- Nu\u017eno je objedinjavanjenje normalne, zdrave demokratske opozicije u Srbiji u ne\u0161to vi\u0161e od kolaicije \u0161to bi mogli da zovemo savezom stranaka, izjavio je u &hellip; <\/p>\n","protected":false},"author":4,"featured_media":11627,"comment_status":"open","ping_status":"open","sticky":false,"template":"","format":"standard","meta":{"footnotes":""},"categories":[1524,2,1514,13,12],"tags":[299,532,2757,1673],"_links":{"self":[{"href":"https:\/\/centralmedia.rs\/index.php\/wp-json\/wp\/v2\/posts\/11626"}],"collection":[{"href":"https:\/\/centralmedia.rs\/index.php\/wp-json\/wp\/v2\/posts"}],"about":[{"href":"https:\/\/centralmedia.rs\/index.php\/wp-json\/wp\/v2\/types\/post"}],"author":[{"embeddable":true,"href":"https:\/\/centralmedia.rs\/index.php\/wp-json\/wp\/v2\/users\/4"}],"replies":[{"embeddable":true,"href":"https:\/\/centralmedia.rs\/index.php\/wp-json\/wp\/v2\/comments?post=11626"}],"version-history":[{"count":1,"href":"https:\/\/centralmedia.rs\/index.php\/wp-json\/wp\/v2\/posts\/11626\/revisions"}],"predecessor-version":[{"id":11629,"href":"https:\/\/centralmedia.rs\/index.php\/wp-json\/wp\/v2\/posts\/11626\/revisions\/11629"}],"wp:featuredmedia":[{"embeddable":true,"href":"https:\/\/centralmedia.rs\/index.php\/wp-json\/wp\/v2\/media\/11627"}],"wp:attachment":[{"href":"https:\/\/centralmedia.rs\/index.php\/wp-json\/wp\/v2\/media?parent=11626"}],"wp:term":[{"taxonomy":"category","embeddable":true,"href":"https:\/\/centralmedia.rs\/index.php\/wp-json\/wp\/v2\/categories?post=11626"},{"taxonomy":"post_tag","embeddable":true,"href":"https:\/\/centralmedia.rs\/index.php\/wp-json\/wp\/v2\/tags?post=11626"}],"curies":[{"name":"wp","href":"https:\/\/api.w.org\/{rel}","templated":true}]}}