{"id":11637,"date":"2018-04-12T15:42:56","date_gmt":"2018-04-12T15:42:56","guid":{"rendered":"http:\/\/centralmedia.rs\/?p=11637"},"modified":"2018-04-12T15:43:08","modified_gmt":"2018-04-12T15:43:08","slug":"digitalizacija-udzbenika-za-nacionalne-manjine-u-srbiji","status":"publish","type":"post","link":"https:\/\/centralmedia.rs\/index.php\/2018\/04\/12\/digitalizacija-udzbenika-za-nacionalne-manjine-u-srbiji\/","title":{"rendered":"Digitalizacija ud\u017ebenika za nacionalne manjine u Srbiji"},"content":{"rendered":"<p>Na korporativnoj konferenciji odr\u017eanoj u prostorijama Aero kluba u Beogradu, sa temom obrazovanje u Srbiji &#8211; Evropski modeli, a u organizaciji Evropskog pokreta u Srbiji,\u00a0 odr\u017eane su tri panel diskusije na kojima su u\u010destvovali Predsednica Vlade Republike Srbije Ana Brnabi\u0107, ambasador Nema\u010dke, direktorka \u0160vajcarske kancelarije za saradnju u Srbiji i vo\u0111a projekta Nema\u010dke organizacije za me\u0111unarodnu saradnju.<\/p>\n<p>Uvodni govor odr\u017eala je Predesnica Vlade Republike Srbije, Ana Brnabi\u0107, gde je iznela izve\u0161taj o reformi \u0161kolstva u Srbiji kao jedan od glavnih prioriteta, sa akcentom na digitalizaciji. Pre par godina dr Hristos Aleksopulos, tada aktuelni predsednik Saveta Gr\u010dke nacionalne manjine, a sada \u010dlana Upravnog odbora Mre\u017ee evropskog pokreta, izneo je predlog da je neophodna digitalizacija ud\u017ebenika svih nacionalnih manjina kako bi se re\u0161io problem nedostatka ud\u017ebenika na koji su mu ukazivali i \u010dlanovi ostalih Saveta manjina u Srbiji. Kao re\u0161enje je izneo da svaki u\u010denik nacionalne manjine treba da ima tablet na kom bi se nalazili svi neophodni ud\u017ebenici na adekvatnim jezicima manjina.<\/p>\n<p>Predsednica Vlade je u razgovoru sa dr Hristosom Aleksopulosom potvrdila da su preduzete mere oko digitalizacije ud\u017ebenika za nacionalne manjine koje \u017eive u Srbiji i da se u procesu reforme obrazovanja i tekako mislilo na potrebe nacionalnih manjina u Srbiji.<\/p>\n<p>PR tekst<\/p>\n<p>&nbsp;<\/p>\n","protected":false},"excerpt":{"rendered":"<p>Na korporativnoj konferenciji odr\u017eanoj u prostorijama Aero kluba u Beogradu, sa temom obrazovanje u Srbiji &#8211; Evropski modeli, a u organizaciji Evropskog pokreta u Srbiji,\u00a0 &hellip; <\/p>\n","protected":false},"author":4,"featured_media":11638,"comment_status":"open","ping_status":"open","sticky":false,"template":"","format":"standard","meta":{"footnotes":""},"categories":[1515,1524,2],"tags":[2051,2761],"_links":{"self":[{"href":"https:\/\/centralmedia.rs\/index.php\/wp-json\/wp\/v2\/posts\/11637"}],"collection":[{"href":"https:\/\/centralmedia.rs\/index.php\/wp-json\/wp\/v2\/posts"}],"about":[{"href":"https:\/\/centralmedia.rs\/index.php\/wp-json\/wp\/v2\/types\/post"}],"author":[{"embeddable":true,"href":"https:\/\/centralmedia.rs\/index.php\/wp-json\/wp\/v2\/users\/4"}],"replies":[{"embeddable":true,"href":"https:\/\/centralmedia.rs\/index.php\/wp-json\/wp\/v2\/comments?post=11637"}],"version-history":[{"count":2,"href":"https:\/\/centralmedia.rs\/index.php\/wp-json\/wp\/v2\/posts\/11637\/revisions"}],"predecessor-version":[{"id":11640,"href":"https:\/\/centralmedia.rs\/index.php\/wp-json\/wp\/v2\/posts\/11637\/revisions\/11640"}],"wp:featuredmedia":[{"embeddable":true,"href":"https:\/\/centralmedia.rs\/index.php\/wp-json\/wp\/v2\/media\/11638"}],"wp:attachment":[{"href":"https:\/\/centralmedia.rs\/index.php\/wp-json\/wp\/v2\/media?parent=11637"}],"wp:term":[{"taxonomy":"category","embeddable":true,"href":"https:\/\/centralmedia.rs\/index.php\/wp-json\/wp\/v2\/categories?post=11637"},{"taxonomy":"post_tag","embeddable":true,"href":"https:\/\/centralmedia.rs\/index.php\/wp-json\/wp\/v2\/tags?post=11637"}],"curies":[{"name":"wp","href":"https:\/\/api.w.org\/{rel}","templated":true}]}}