{"id":11644,"date":"2018-04-12T15:53:49","date_gmt":"2018-04-12T15:53:49","guid":{"rendered":"http:\/\/centralmedia.rs\/?p=11644"},"modified":"2018-04-12T15:53:49","modified_gmt":"2018-04-12T15:53:49","slug":"preziveli-pilot-major-aleksandar-matic-rodom-iz-majura-kod-jagodine-probudio-se-iz-kome","status":"publish","type":"post","link":"https:\/\/centralmedia.rs\/index.php\/2018\/04\/12\/preziveli-pilot-major-aleksandar-matic-rodom-iz-majura-kod-jagodine-probudio-se-iz-kome\/","title":{"rendered":"PRE\u017dIVELI PILOT MAJOR ALEKSANDAR MATI\u0106 RODOM IZ MAJURA KOD JAGODINE &#8211; PROBUDIO SE IZ KOME"},"content":{"rendered":"<p>JAGODINA- MajorAleksandar Mati\u0107 (40), pilot Vojno-opitnog centra Vojske Srbije, jutros\u00a0 se probudio iz ve\u0161ta\u010dke kome i sada zdravstveno stabilan, ka\u017eu njegovi najbli\u017ei ro\u0111aci iz rodnog Majura kod Jagodine. Major je ju\u010de po prijemu na VMA operisan i priklju\u010den na aparate i uveden u ve\u0161ta\u010dku komu. Ima prelome ruke i noge, kao i unutra\u0161nje krvarenje u glavi kao posledicu katapultiranja iz aviona, koji je u sredu prilikom leta pao u Kova\u010dici. Njegov kolega na\u017ealost nije pre\u017eiveo katapultiranje.<\/p>\n<figure id=\"attachment_11646\" aria-describedby=\"caption-attachment-11646\" style=\"width: 240px\" class=\"wp-caption alignright\"><a href=\"https:\/\/centralmedia.rs\/wp-content\/uploads\/2018\/04\/aleksandar-matic-1.jpg\"><img loading=\"lazy\" decoding=\"async\" class=\"size-medium wp-image-11646\" src=\"https:\/\/centralmedia.rs\/wp-content\/uploads\/2018\/04\/aleksandar-matic-1-240x300.jpg\" alt=\"\" width=\"240\" height=\"300\" srcset=\"https:\/\/centralmedia.rs\/wp-content\/uploads\/2018\/04\/aleksandar-matic-1-240x300.jpg 240w, https:\/\/centralmedia.rs\/wp-content\/uploads\/2018\/04\/aleksandar-matic-1.jpg 660w\" sizes=\"(max-width: 240px) 100vw, 240px\" \/><\/a><figcaption id=\"caption-attachment-11646\" class=\"wp-caption-text\">Major Aleksandar Mati\u0107<\/figcaption><\/figure>\n<p>-Izuzetan pilot,zavr\u0161io je Vojnu akademiju kao najbolji u klasi, radio je Tehni\u010dko-opitnom centru kao probni pilot. Tamo su na\u0161i vrhunski piloti. Zavr\u0161io je komandno- \u0161tabno usavr\u0161avanje. Li\u010dno mislim da je bio pribran i da je tako sa\u010duvao glavu. Izuzetno hrabar \u010dovek, zaljubljenik u letenje, to mu je opsesija. Njega nije interesovalo napredovanje i karijera, kao \u0161to prili\u010di oficirima, njemu je letenje smisao \u017eivota. \u010covek bez poroka, ka\u017eu u njegovom rodnom Majuru.<\/p>\n<p>Vest o padu aviona te\u0161ko je pala njegovoj majci koja se odmah uputila u Beograd.<\/p>\n<p>-Porodica je sa zebnjom primila vest o padu aviona. Niko nije znao \u0161ta se doga\u0111a u tim trenucima i koliko su opasne povrede. Majka je celu no\u0107 provela na VMA, bila je pored sina. Bdela je celu no\u0107, \u010dekala je da se probudi, ka\u017eu u porodici.<\/p>\n<p>Pilot Mari\u0107 sa sa suprugom i \u0107erkom \u017eivi u Novom Sadu.<\/p>\n<p>-Kao i svi dobri ljudi u Srbiji imao je nesre\u0107u da ga investitori pravare za stan. Podigao je kredit, platio investitoru da zavr\u0161i stan, ali se ispostavilo da je stan prodat vi\u0161e puta. Sada je u tom problemu, ka\u017eu u njegovom rodnom selu kod Jagodine.<\/p>\n<p>Me\u0161tani Majura smatraju da je pad vojnog aviona posledica neodgovornog pona\u0161anja u du\u017eem vremenskom periodu u Vojsci Srbije, te podse\u0107aju da je slu\u010daj pada helikopter.<\/p>\n<p>&nbsp;<\/p>\n","protected":false},"excerpt":{"rendered":"<p>JAGODINA- MajorAleksandar Mati\u0107 (40), pilot Vojno-opitnog centra Vojske Srbije, jutros\u00a0 se probudio iz ve\u0161ta\u010dke kome i sada zdravstveno stabilan, ka\u017eu njegovi najbli\u017ei ro\u0111aci iz rodnog &hellip; <\/p>\n","protected":false},"author":4,"featured_media":11645,"comment_status":"open","ping_status":"open","sticky":false,"template":"","format":"standard","meta":{"footnotes":""},"categories":[1524,20,2,1514],"tags":[2765,2764,2763],"_links":{"self":[{"href":"https:\/\/centralmedia.rs\/index.php\/wp-json\/wp\/v2\/posts\/11644"}],"collection":[{"href":"https:\/\/centralmedia.rs\/index.php\/wp-json\/wp\/v2\/posts"}],"about":[{"href":"https:\/\/centralmedia.rs\/index.php\/wp-json\/wp\/v2\/types\/post"}],"author":[{"embeddable":true,"href":"https:\/\/centralmedia.rs\/index.php\/wp-json\/wp\/v2\/users\/4"}],"replies":[{"embeddable":true,"href":"https:\/\/centralmedia.rs\/index.php\/wp-json\/wp\/v2\/comments?post=11644"}],"version-history":[{"count":1,"href":"https:\/\/centralmedia.rs\/index.php\/wp-json\/wp\/v2\/posts\/11644\/revisions"}],"predecessor-version":[{"id":11647,"href":"https:\/\/centralmedia.rs\/index.php\/wp-json\/wp\/v2\/posts\/11644\/revisions\/11647"}],"wp:featuredmedia":[{"embeddable":true,"href":"https:\/\/centralmedia.rs\/index.php\/wp-json\/wp\/v2\/media\/11645"}],"wp:attachment":[{"href":"https:\/\/centralmedia.rs\/index.php\/wp-json\/wp\/v2\/media?parent=11644"}],"wp:term":[{"taxonomy":"category","embeddable":true,"href":"https:\/\/centralmedia.rs\/index.php\/wp-json\/wp\/v2\/categories?post=11644"},{"taxonomy":"post_tag","embeddable":true,"href":"https:\/\/centralmedia.rs\/index.php\/wp-json\/wp\/v2\/tags?post=11644"}],"curies":[{"name":"wp","href":"https:\/\/api.w.org\/{rel}","templated":true}]}}