{"id":1165,"date":"2015-11-15T19:59:25","date_gmt":"2015-11-15T19:59:25","guid":{"rendered":"http:\/\/centralmedia.rs\/?p=1165"},"modified":"2015-11-16T03:33:18","modified_gmt":"2015-11-16T03:33:18","slug":"rudari-jamskih-rudnika-uglja-u-srbiji-ulaze-strajk","status":"publish","type":"post","link":"https:\/\/centralmedia.rs\/index.php\/2015\/11\/15\/rudari-jamskih-rudnika-uglja-u-srbiji-ulaze-strajk\/","title":{"rendered":"IBARSKI RUDNICI ULAZE U \u0160TRAJK"},"content":{"rendered":"<p>PRESTALA PROIZVODNJA UGLJA POSLE 91 GODINE<br \/>\nRESAVICA-Predsednik Sindikata radnika devet jamskih rudnika uglja JP ,,Resavica\u201d Goran Nikoli\u0107 izjavio je danas u Resavici da su Ibarski rudnici posle 91 godine zaustavili proizvodnju uglja i doneli odluku o ulasku u \u0161trajk.<br \/>\n\t-Potpuni prestanak proizvodnje uglja u Ibarskim rudnicima nastao je zbog obustavljene isporuke uglja prema termolektranama EPS. Sindikat zahteva trajno re\u0161enje plasmana uglja iz Ibarskih rudnika i po\u0161tovanje sporazuma izme\u0111u JP PEU Resavica i Balkana Golda. Ukoliko se ne ispune zahtevi, rudari bi\u0107e primorani da u\u0111emo u \u0161trajk, ka\u017ee Nikoli\u0107 i najavljuje podr\u0161ku svih jamskih rudnika, ali i kolega iz Bora i Majdanpeka.<br \/>\n<figure id=\"attachment_1132\" aria-describedby=\"caption-attachment-1132\" style=\"width: 225px\" class=\"wp-caption alignnone\"><a href=\"https:\/\/centralmedia.rs\/wp-content\/uploads\/2015\/11\/goran-nikolic-resavica-g.n..jpg\"><img loading=\"lazy\" decoding=\"async\" src=\"https:\/\/centralmedia.rs\/wp-content\/uploads\/2015\/11\/goran-nikolic-resavica-g.n.-225x300.jpg\" alt=\"Goran Nikoli\u0107\" width=\"225\" height=\"300\" class=\"size-medium wp-image-1132\" srcset=\"https:\/\/centralmedia.rs\/wp-content\/uploads\/2015\/11\/goran-nikolic-resavica-g.n.-225x300.jpg 225w, https:\/\/centralmedia.rs\/wp-content\/uploads\/2015\/11\/goran-nikolic-resavica-g.n.-767x1024.jpg 767w, https:\/\/centralmedia.rs\/wp-content\/uploads\/2015\/11\/goran-nikolic-resavica-g.n..jpg 1198w\" sizes=\"(max-width: 225px) 100vw, 225px\" \/><\/a><figcaption id=\"caption-attachment-1132\" class=\"wp-caption-text\">Goran Nikoli\u0107<\/figcaption><\/figure><br \/>\nZa 23 novembar predvi\u0111en je Protest upozorenja u Baljevcu i blokada Ibarske magistrale tokom protesta, od 1 decembra jedno\u010dasovni \u0161trajk upozorenja  na po\u010detku svake smene i do 7 decembra potpuna obustava rada. Prema planu \u0161trajka\u010dkih aktivnosti potpuna blokada Ibarske magistrale po\u010de\u0107e u naknadno odre\u0111enim terminima od 10 decembra.<br \/>\n-Ibarski rudnici neprekidno kopaju ugalj 91 godinu, ali zbog potpunog prestanka isporuke uglja u termoelektrane EPS-a proizvodnja je pre dva meseca potpuno obustavljena. To ugro\u017eava radna mesta 500 radnika i opstanak njihovih porodica na ovom grani\u010dnom podru\u010dju sklonom velikoj migraciji stanovni\u0161tva zbog ekstremne nezaposlenosti, stoji u obrazlo\u017eenju odluke \u0160trajka\u010dkog odbora koju je potpisao predsenik Miroljub Novkovi\u0107.<br \/>\n<a href=\"https:\/\/centralmedia.rs\/wp-content\/uploads\/2015\/11\/pozar-u-ibarskim-rudnicma-resavica-sindikat-2.jpg\"><img loading=\"lazy\" decoding=\"async\" src=\"https:\/\/centralmedia.rs\/wp-content\/uploads\/2015\/11\/pozar-u-ibarskim-rudnicma-resavica-sindikat-2-300x225.jpg\" alt=\"pozar u ibarskim rudnicma-resavica -sindikat (2)\" width=\"300\" height=\"225\" class=\"alignnone size-medium wp-image-1166\" srcset=\"https:\/\/centralmedia.rs\/wp-content\/uploads\/2015\/11\/pozar-u-ibarskim-rudnicma-resavica-sindikat-2-300x225.jpg 300w, https:\/\/centralmedia.rs\/wp-content\/uploads\/2015\/11\/pozar-u-ibarskim-rudnicma-resavica-sindikat-2-1024x768.jpg 1024w, https:\/\/centralmedia.rs\/wp-content\/uploads\/2015\/11\/pozar-u-ibarskim-rudnicma-resavica-sindikat-2-80x60.jpg 80w, https:\/\/centralmedia.rs\/wp-content\/uploads\/2015\/11\/pozar-u-ibarskim-rudnicma-resavica-sindikat-2-265x198.jpg 265w, https:\/\/centralmedia.rs\/wp-content\/uploads\/2015\/11\/pozar-u-ibarskim-rudnicma-resavica-sindikat-2.jpg 1280w\" sizes=\"(max-width: 300px) 100vw, 300px\" \/><\/a><br \/>\nRudari navode da se problem isporuke uglja javio prvi put pre vi\u0161e od godinu dana kada je Termoelektrana Morava iz Svilajnca, ina\u010de projektovana za potro\u0161nju uglja iz podzemne eksploatacije, jednostrano prestala da prima ugalj iz Ibarskih rudnika, a posle preko 45 godina izuzetno korektne saradnje.<br \/>\n&#8211; Zbog deponovanja uglja do\u0161lo je do samozapaljenja, povremeno i velikih razmera, \u010dime je napravljena \u0161teta rudniku od preko sto miliona dinara, a trenutno na depoima gori ugalj vrednosti od blizu 300 miliona dinara \u010dime se rudniku stvara ogroman i trajni ekonomski gubitak u poslovanju, a time ugro\u017eava i dalji opstanak rudnika. Ekolo\u0161ka \u0161teta izazvana samozapaljenjem uglja donosi velike probleme lokalnom stanovni\u0161tvu, isti\u010du sindikalci u obrazlo\u017eenju.<br \/>\n<a href=\"https:\/\/centralmedia.rs\/wp-content\/uploads\/2015\/11\/pozar-u-ibarskim-rudnicma-resavica-sindikat-3.jpg\"><img loading=\"lazy\" decoding=\"async\" src=\"https:\/\/centralmedia.rs\/wp-content\/uploads\/2015\/11\/pozar-u-ibarskim-rudnicma-resavica-sindikat-3-300x225.jpg\" alt=\"pozar u ibarskim rudnicma-resavica -sindikat (3)\" width=\"300\" height=\"225\" class=\"alignnone size-medium wp-image-1167\" srcset=\"https:\/\/centralmedia.rs\/wp-content\/uploads\/2015\/11\/pozar-u-ibarskim-rudnicma-resavica-sindikat-3-300x225.jpg 300w, https:\/\/centralmedia.rs\/wp-content\/uploads\/2015\/11\/pozar-u-ibarskim-rudnicma-resavica-sindikat-3-1024x768.jpg 1024w, https:\/\/centralmedia.rs\/wp-content\/uploads\/2015\/11\/pozar-u-ibarskim-rudnicma-resavica-sindikat-3-80x60.jpg 80w, https:\/\/centralmedia.rs\/wp-content\/uploads\/2015\/11\/pozar-u-ibarskim-rudnicma-resavica-sindikat-3-265x198.jpg 265w, https:\/\/centralmedia.rs\/wp-content\/uploads\/2015\/11\/pozar-u-ibarskim-rudnicma-resavica-sindikat-3.jpg 1280w\" sizes=\"(max-width: 300px) 100vw, 300px\" \/><\/a><br \/>\nOni nagla\u0161avaju da su veoma razo\u010darani \u010dinjenicom da ve\u0107 godinu dana,niko ne re\u0161ava prodaju uglja, iako su mnogo puta upozoravali na ovaj problem, \u010dak i preko medija. Razo\u010daranje opravdavju \u010dinjenicom da se ugalj uvozi, dok doma\u0107i proizvod gori u Ibarskoj dolini.<br \/>\n&#8211; Sindikat je prinu\u0111en da na ovaj nepopularan na\u010din skrene pa\u017enju i re\u0161i problem prodaje uglja kako bi sa\u010duvao egzistenciju rudara Ibarskih rudnika,imaju\u0107i u vidu \u010dinjenicu da je to jedini privredni subjekat od Kraljeva do Kosovske Mitrovice.<br \/>\n Ibarskim rudnicima je 2010. godine oduzeto istra\u017eno pravo za le\u017ei\u0161te bornih minerala Piskanja potpisivanjem sporazuma izme\u0111u JP PEU Resavica i Balkan Golda. Sporazum predvi\u0111a da se Ibarskim rudnicima priznaju dotada\u0161nja istra\u017eivanja i da se prilikom eventualnog otvaranja rudnika formira zajedni\u010dko preduze\u0107e u kome \u0107e uglavnom raditi rudari Ibarskih rudnika.<br \/>\n<a href=\"https:\/\/centralmedia.rs\/wp-content\/uploads\/2015\/11\/pozar-u-ibarskim-rudnicma-resavica-sindikat-4.jpg\"><img loading=\"lazy\" decoding=\"async\" src=\"https:\/\/centralmedia.rs\/wp-content\/uploads\/2015\/11\/pozar-u-ibarskim-rudnicma-resavica-sindikat-4-300x225.jpg\" alt=\"pozar u ibarskim rudnicma-resavica -sindikat (4)\" width=\"300\" height=\"225\" class=\"alignnone size-medium wp-image-1168\" srcset=\"https:\/\/centralmedia.rs\/wp-content\/uploads\/2015\/11\/pozar-u-ibarskim-rudnicma-resavica-sindikat-4-300x225.jpg 300w, https:\/\/centralmedia.rs\/wp-content\/uploads\/2015\/11\/pozar-u-ibarskim-rudnicma-resavica-sindikat-4-1024x768.jpg 1024w, https:\/\/centralmedia.rs\/wp-content\/uploads\/2015\/11\/pozar-u-ibarskim-rudnicma-resavica-sindikat-4-80x60.jpg 80w, https:\/\/centralmedia.rs\/wp-content\/uploads\/2015\/11\/pozar-u-ibarskim-rudnicma-resavica-sindikat-4-265x198.jpg 265w, https:\/\/centralmedia.rs\/wp-content\/uploads\/2015\/11\/pozar-u-ibarskim-rudnicma-resavica-sindikat-4.jpg 1280w\" sizes=\"(max-width: 300px) 100vw, 300px\" \/><\/a><br \/>\n&#8211; Me\u0111utim, sporazum je osporen ,,obi\u010dnim\u201d dopisom, iz krajnje politikanskih razloga, bez prethodne konsultacije sa poslovodstvom JP PEU Resavica, od strane tada\u0161nje resorne ministarke, \u010dime se kapital dr\u017eave Srbije i Ibarskih rudnika, posle vi\u0161edecenijskog istra\u017eivanja i ulaganja od oko 6 miliona dolara,poklanja Balkan Goldu, stoji u obrazlo\u017eenju odluke o \u0161trajku.<br \/>\nBalkan Gold koristi ministarkin dopis i izbacuje Ibarske rudnike iz svih aktivnosti oko bornih minerala, iako je u svim strategijama i planovima le\u017ei\u0161te Piskanja planirano kao alternativa za jamu Jarando u kojoj se eksploatacija uglja bli\u017ei kraju, \u0161to je neprihvatljivo za radnike tog rudnika.<br \/>\nSindikat radnika Ibarskih rudnika smatra da se sporazum mora po\u0161tovati, jer bi nesprovo\u0111enje zna\u010dilo \u0161tetu za dr\u017eavu Srbiju od oko \u0161est miliona dolara.<\/p>\n","protected":false},"excerpt":{"rendered":"<p>PRESTALA PROIZVODNJA UGLJA POSLE 91 GODINE RESAVICA-Predsednik Sindikata radnika devet jamskih rudnika uglja JP ,,Resavica\u201d Goran Nikoli\u0107 izjavio je danas u Resavici da su Ibarski &hellip; <\/p>\n","protected":false},"author":4,"featured_media":1131,"comment_status":"open","ping_status":"open","sticky":false,"template":"","format":"standard","meta":{"footnotes":""},"categories":[22,2,12],"tags":[52,211],"_links":{"self":[{"href":"https:\/\/centralmedia.rs\/index.php\/wp-json\/wp\/v2\/posts\/1165"}],"collection":[{"href":"https:\/\/centralmedia.rs\/index.php\/wp-json\/wp\/v2\/posts"}],"about":[{"href":"https:\/\/centralmedia.rs\/index.php\/wp-json\/wp\/v2\/types\/post"}],"author":[{"embeddable":true,"href":"https:\/\/centralmedia.rs\/index.php\/wp-json\/wp\/v2\/users\/4"}],"replies":[{"embeddable":true,"href":"https:\/\/centralmedia.rs\/index.php\/wp-json\/wp\/v2\/comments?post=1165"}],"version-history":[{"count":0,"href":"https:\/\/centralmedia.rs\/index.php\/wp-json\/wp\/v2\/posts\/1165\/revisions"}],"wp:featuredmedia":[{"embeddable":true,"href":"https:\/\/centralmedia.rs\/index.php\/wp-json\/wp\/v2\/media\/1131"}],"wp:attachment":[{"href":"https:\/\/centralmedia.rs\/index.php\/wp-json\/wp\/v2\/media?parent=1165"}],"wp:term":[{"taxonomy":"category","embeddable":true,"href":"https:\/\/centralmedia.rs\/index.php\/wp-json\/wp\/v2\/categories?post=1165"},{"taxonomy":"post_tag","embeddable":true,"href":"https:\/\/centralmedia.rs\/index.php\/wp-json\/wp\/v2\/tags?post=1165"}],"curies":[{"name":"wp","href":"https:\/\/api.w.org\/{rel}","templated":true}]}}