{"id":11652,"date":"2018-04-12T16:41:40","date_gmt":"2018-04-12T16:41:40","guid":{"rendered":"http:\/\/centralmedia.rs\/?p=11652"},"modified":"2018-04-12T16:41:40","modified_gmt":"2018-04-12T16:41:40","slug":"dogovor-sa-ministrom-vukosavljevicem-pocinje-rekonstrukcija-sale-centra-za-kulturu-u-despotovcu","status":"publish","type":"post","link":"https:\/\/centralmedia.rs\/index.php\/2018\/04\/12\/dogovor-sa-ministrom-vukosavljevicem-pocinje-rekonstrukcija-sale-centra-za-kulturu-u-despotovcu\/","title":{"rendered":"DOGOVOR SA MINISTROM VUKOSAVLJEVI\u0106EM &#8211; PO\u010cINJE REKONSTRUKCIJA SALE CENTRA ZA KULTURU U DESPOTOVCU"},"content":{"rendered":"<p>Predsednik Op\u0161tine Despotovac Nikola Nikoli\u0107 i ministar kulture i informisanja Vladan Vukosavljevi\u0107 razgovarali na temu rekonstrukcije sale Centra za kulturu Despotovac i aktivnostima koje \u0107e biti preduzete povodom obele\u017eavanja jubileja 600 godina manastira Manasije.<\/p>\n<p>Nikoli\u0107 je predo\u010dio ministru kulture \u010dinjenicu da je op\u0161tina Despotovac bez sale Centra za kulturu ve\u0107 pune dve decenije. Kako je Despotovac poznat, zbog svojih manifestacija i ogromnog istorijskog nasle\u0111a, kao grad kulture i duhovnosti, predsednik op\u0161tine nije krio svoju nameru da tu nepravdu prema gradu i gra\u0111anima ispravi. Re\u010d je o projektu vrednom 60 miliona dinara \u0161to je, pored niza drugih okolnosti, bio jedan od glavnih razloga za dugogodi\u0161nje \u010dekanje na rekonstrukciju ovog prostora. Dogovoreno je da Op\u0161tina Despotovac krene u adaptaciju sale sa investicijom od 10 miliona dinara, koja je predvi\u0111ena bud\u017eetom za 2018. godinu, a da \u0107e Ministarstvo naredne godine planirati zna\u010dajnija sredstva za dovr\u0161etak radova i stavljanje objekta u funkciju.<\/p>\n<p>Postignuta je i obostrana saglasnost oko obele\u017eavanja predstoje\u0107e 600-godi\u0161njice manastira Manasije, jednog od najzna\u010dajnijih spomenika srpske srednjovekovne kulture i monumentalne zadu\u017ebine despota Stefana Lazarevi\u0107a. U pripremi je bogat program aktivnosti, izme\u0111u kojih i publikovanje reprinta izdanja \u201eManastir Manasija\u201c iz 1928. godine, kojim je obele\u017een petovekovni jubilej od zavr\u0161etka izgradnje manastira. Realizacija ove aktivnosti je poverena saradnji izme\u0111u Ministarstva kulture i informisanja i despotova\u010dke Narodne biblioteke \u201eResavska \u0161kola\u201c. Na sastanku je istaknuto i da \u0107e sve preduzete aktivnosti Ministarstva i Op\u0161tine Despotovac biti uskla\u0111ene sa programom aktivnosti Organizacionog odbora jubileja Manasije kojim rukovodi savetnik predsednika Republike Srbije Nikola Selakovi\u0107, a da \u0107e se centralna sve\u010danost, uz prisustvo predsednika Republike Srbije Aleksandra Vu\u010di\u0107a, najverovatnije odr\u017eati 24. avgusta u Manasiji.<\/p>\n<p>Prijemu je prisustvovao i na\u0161 poznati glumac Svetislav Bule Gonci\u0107, a predsednik Op\u0161tine je ovom prilikom uru\u010dio ministru zahvalnicu Op\u0161tine Despotovac za dugogodi\u0161nju pomo\u0107 i saradnju u realizaciji najpoznatije despotova\u010dke kulturne manifestacije \u201eDani srpskoga duhovnog preobra\u017eenja\u201c koja se odr\u017eava svake godine krajem avgusta.<\/p>\n<p>&nbsp;<\/p>\n","protected":false},"excerpt":{"rendered":"<p>Predsednik Op\u0161tine Despotovac Nikola Nikoli\u0107 i ministar kulture i informisanja Vladan Vukosavljevi\u0107 razgovarali na temu rekonstrukcije sale Centra za kulturu Despotovac i aktivnostima koje \u0107e &hellip; <\/p>\n","protected":false},"author":4,"featured_media":11653,"comment_status":"open","ping_status":"open","sticky":false,"template":"","format":"standard","meta":{"footnotes":""},"categories":[1518,1524,2,15,12],"tags":[2767,51,2768],"_links":{"self":[{"href":"https:\/\/centralmedia.rs\/index.php\/wp-json\/wp\/v2\/posts\/11652"}],"collection":[{"href":"https:\/\/centralmedia.rs\/index.php\/wp-json\/wp\/v2\/posts"}],"about":[{"href":"https:\/\/centralmedia.rs\/index.php\/wp-json\/wp\/v2\/types\/post"}],"author":[{"embeddable":true,"href":"https:\/\/centralmedia.rs\/index.php\/wp-json\/wp\/v2\/users\/4"}],"replies":[{"embeddable":true,"href":"https:\/\/centralmedia.rs\/index.php\/wp-json\/wp\/v2\/comments?post=11652"}],"version-history":[{"count":1,"href":"https:\/\/centralmedia.rs\/index.php\/wp-json\/wp\/v2\/posts\/11652\/revisions"}],"predecessor-version":[{"id":11654,"href":"https:\/\/centralmedia.rs\/index.php\/wp-json\/wp\/v2\/posts\/11652\/revisions\/11654"}],"wp:featuredmedia":[{"embeddable":true,"href":"https:\/\/centralmedia.rs\/index.php\/wp-json\/wp\/v2\/media\/11653"}],"wp:attachment":[{"href":"https:\/\/centralmedia.rs\/index.php\/wp-json\/wp\/v2\/media?parent=11652"}],"wp:term":[{"taxonomy":"category","embeddable":true,"href":"https:\/\/centralmedia.rs\/index.php\/wp-json\/wp\/v2\/categories?post=11652"},{"taxonomy":"post_tag","embeddable":true,"href":"https:\/\/centralmedia.rs\/index.php\/wp-json\/wp\/v2\/tags?post=11652"}],"curies":[{"name":"wp","href":"https:\/\/api.w.org\/{rel}","templated":true}]}}