{"id":11665,"date":"2018-04-13T21:36:04","date_gmt":"2018-04-13T21:36:04","guid":{"rendered":"http:\/\/centralmedia.rs\/?p=11665"},"modified":"2018-04-13T21:36:04","modified_gmt":"2018-04-13T21:36:04","slug":"koncert-najboljih-mladih-solista-na-svetu-u-cupriji","status":"publish","type":"post","link":"https:\/\/centralmedia.rs\/index.php\/2018\/04\/13\/koncert-najboljih-mladih-solista-na-svetu-u-cupriji\/","title":{"rendered":"KONCERT NAJBOLJIH MLADIH SOLISTA NA SVETU U \u0106UPRIJI"},"content":{"rendered":"<p>\u0106UPRIJA-Ustanova kulture organizuje koncert<strong>\u00a0\u00a0<\/strong>LGT\u00a0solista<a href=\"https:\/\/centralmedia.rs\/wp-content\/uploads\/2018\/04\/Flajer-druga-strana.jpg\"><img loading=\"lazy\" decoding=\"async\" class=\"alignright size-medium wp-image-11667\" src=\"https:\/\/centralmedia.rs\/wp-content\/uploads\/2018\/04\/Flajer-druga-strana-211x300.jpg\" alt=\"\" width=\"211\" height=\"300\" srcset=\"https:\/\/centralmedia.rs\/wp-content\/uploads\/2018\/04\/Flajer-druga-strana-211x300.jpg 211w, https:\/\/centralmedia.rs\/wp-content\/uploads\/2018\/04\/Flajer-druga-strana.jpg 634w\" sizes=\"(max-width: 211px) 100vw, 211px\" \/><\/a>, najboljih mladih muzi\u010dara na svetu. Najbolji\u00a0\u00a0umetnici\u00a0\u00a0od 12. do 23 . godine\u00a0\u00a0iz celog sveta \u010dine ovaj ansambl , a me\u0111u njima\u00a0\u00a0i dvadesetdvogodi\u0161nji \u0106upri\u010danin, kontrabasista Du\u0161an Kosti\u0107. Sa kvalitetnim koncertnim programom, uo\u010di nastupa u Novom Sadu i Beogradu, LGT \u0107e se \u0107uprijskoj publici predstaviti\u00a0\u00a0u nedelju 22. aprila , u sali \u0160kole za osnovno muzi\u010dko obrazovanje ,, Du\u0161an Skovran \u201c. Koncert u organizaciji Ustanove kulture i \u0160kole za muzi\u010dke talente po\u010dinje u 19 \u010dasova i 30 minuta. Ulaz je slobodan.<\/p>\n","protected":false},"excerpt":{"rendered":"<p>\u0106UPRIJA-Ustanova kulture organizuje koncert\u00a0\u00a0LGT\u00a0solista, najboljih mladih muzi\u010dara na svetu. Najbolji\u00a0\u00a0umetnici\u00a0\u00a0od 12. do 23 . godine\u00a0\u00a0iz celog sveta \u010dine ovaj ansambl , a me\u0111u njima\u00a0\u00a0i dvadesetdvogodi\u0161nji &hellip; <\/p>\n","protected":false},"author":4,"featured_media":11666,"comment_status":"open","ping_status":"open","sticky":false,"template":"","format":"standard","meta":{"footnotes":""},"categories":[1515,1524,2,15,887,12],"tags":[44,2773],"_links":{"self":[{"href":"https:\/\/centralmedia.rs\/index.php\/wp-json\/wp\/v2\/posts\/11665"}],"collection":[{"href":"https:\/\/centralmedia.rs\/index.php\/wp-json\/wp\/v2\/posts"}],"about":[{"href":"https:\/\/centralmedia.rs\/index.php\/wp-json\/wp\/v2\/types\/post"}],"author":[{"embeddable":true,"href":"https:\/\/centralmedia.rs\/index.php\/wp-json\/wp\/v2\/users\/4"}],"replies":[{"embeddable":true,"href":"https:\/\/centralmedia.rs\/index.php\/wp-json\/wp\/v2\/comments?post=11665"}],"version-history":[{"count":1,"href":"https:\/\/centralmedia.rs\/index.php\/wp-json\/wp\/v2\/posts\/11665\/revisions"}],"predecessor-version":[{"id":11668,"href":"https:\/\/centralmedia.rs\/index.php\/wp-json\/wp\/v2\/posts\/11665\/revisions\/11668"}],"wp:featuredmedia":[{"embeddable":true,"href":"https:\/\/centralmedia.rs\/index.php\/wp-json\/wp\/v2\/media\/11666"}],"wp:attachment":[{"href":"https:\/\/centralmedia.rs\/index.php\/wp-json\/wp\/v2\/media?parent=11665"}],"wp:term":[{"taxonomy":"category","embeddable":true,"href":"https:\/\/centralmedia.rs\/index.php\/wp-json\/wp\/v2\/categories?post=11665"},{"taxonomy":"post_tag","embeddable":true,"href":"https:\/\/centralmedia.rs\/index.php\/wp-json\/wp\/v2\/tags?post=11665"}],"curies":[{"name":"wp","href":"https:\/\/api.w.org\/{rel}","templated":true}]}}