{"id":11712,"date":"2018-04-20T06:57:20","date_gmt":"2018-04-20T06:57:20","guid":{"rendered":"http:\/\/centralmedia.rs\/?p=11712"},"modified":"2018-04-20T06:57:20","modified_gmt":"2018-04-20T06:57:20","slug":"nocas-u-jagodini-izgoreo-automobil-osteceno-jos-tri","status":"publish","type":"post","link":"https:\/\/centralmedia.rs\/index.php\/2018\/04\/20\/nocas-u-jagodini-izgoreo-automobil-osteceno-jos-tri\/","title":{"rendered":"NO\u0106AS U JAGODINI IZGOREO AUTOMOBIL, O\u0160TE\u0106ENO JO\u0160 TRI"},"content":{"rendered":"<p>JAGODINA-Automobil opel registracija JA028KH izgoreo je no\u0107as sat posle pono\u0107i na parkingu u Jagodini u ulici Branka Radi\u010devi\u0107a, dok su jo\u0161 tri automobila o\u0161te\u0107ena.<\/p>\n<div id='gallery-1' class='gallery galleryid-11712 gallery-columns-2 gallery-size-full'><figure class='gallery-item'>\n\t\t\t<div class='gallery-icon landscape'>\n\t\t\t\t<a href='https:\/\/centralmedia.rs\/index.php\/2018\/04\/20\/nocas-u-jagodini-izgoreo-automobil-osteceno-jos-tri\/auto-1\/'><img loading=\"lazy\" decoding=\"async\" width=\"900\" height=\"675\" src=\"https:\/\/centralmedia.rs\/wp-content\/uploads\/2018\/04\/auto-1.jpg\" class=\"attachment-full size-full\" alt=\"\" srcset=\"https:\/\/centralmedia.rs\/wp-content\/uploads\/2018\/04\/auto-1.jpg 900w, https:\/\/centralmedia.rs\/wp-content\/uploads\/2018\/04\/auto-1-300x225.jpg 300w, https:\/\/centralmedia.rs\/wp-content\/uploads\/2018\/04\/auto-1-768x576.jpg 768w, https:\/\/centralmedia.rs\/wp-content\/uploads\/2018\/04\/auto-1-80x60.jpg 80w, https:\/\/centralmedia.rs\/wp-content\/uploads\/2018\/04\/auto-1-265x198.jpg 265w\" sizes=\"(max-width: 900px) 100vw, 900px\" \/><\/a>\n\t\t\t<\/div><\/figure><figure class='gallery-item'>\n\t\t\t<div class='gallery-icon landscape'>\n\t\t\t\t<a href='https:\/\/centralmedia.rs\/index.php\/2018\/04\/20\/nocas-u-jagodini-izgoreo-automobil-osteceno-jos-tri\/auto-2-2\/'><img loading=\"lazy\" decoding=\"async\" width=\"900\" height=\"675\" src=\"https:\/\/centralmedia.rs\/wp-content\/uploads\/2018\/04\/auto-2.jpg\" class=\"attachment-full size-full\" alt=\"\" srcset=\"https:\/\/centralmedia.rs\/wp-content\/uploads\/2018\/04\/auto-2.jpg 900w, https:\/\/centralmedia.rs\/wp-content\/uploads\/2018\/04\/auto-2-300x225.jpg 300w, https:\/\/centralmedia.rs\/wp-content\/uploads\/2018\/04\/auto-2-768x576.jpg 768w, https:\/\/centralmedia.rs\/wp-content\/uploads\/2018\/04\/auto-2-80x60.jpg 80w, https:\/\/centralmedia.rs\/wp-content\/uploads\/2018\/04\/auto-2-265x198.jpg 265w\" sizes=\"(max-width: 900px) 100vw, 900px\" \/><\/a>\n\t\t\t<\/div><\/figure>\n\t\t<\/div>\n\n<p>Vlasnik opela J.V. sumnja da je po\u017ear podmetnut i navodi da je jedan svedok rekao da je prvo \u010duo manju eksploziju nalik na petardu i da je zatim izbio po\u017ear na automobilu, koji se preneo na vozila koja su bila parkirana pored. Re\u010d je opelu koji je proizveden pre desetak godina i, prema re\u010dima vlasnika, bio u dobro stanju, te isklju\u010duje mogu\u0107nost samozapalenja. \u00a0Brzom intervencijom vatrogasaca po\u017ear je lokalizovan i uga\u0161en.<\/p>\n","protected":false},"excerpt":{"rendered":"<p>JAGODINA-Automobil opel registracija JA028KH izgoreo je no\u0107as sat posle pono\u0107i na parkingu u Jagodini u ulici Branka Radi\u010devi\u0107a, dok su jo\u0161 tri automobila o\u0161te\u0107ena. Vlasnik &hellip; <\/p>\n","protected":false},"author":4,"featured_media":11713,"comment_status":"open","ping_status":"open","sticky":false,"template":"","format":"standard","meta":{"footnotes":""},"categories":[1524,20,2,1514],"tags":[1150,58],"_links":{"self":[{"href":"https:\/\/centralmedia.rs\/index.php\/wp-json\/wp\/v2\/posts\/11712"}],"collection":[{"href":"https:\/\/centralmedia.rs\/index.php\/wp-json\/wp\/v2\/posts"}],"about":[{"href":"https:\/\/centralmedia.rs\/index.php\/wp-json\/wp\/v2\/types\/post"}],"author":[{"embeddable":true,"href":"https:\/\/centralmedia.rs\/index.php\/wp-json\/wp\/v2\/users\/4"}],"replies":[{"embeddable":true,"href":"https:\/\/centralmedia.rs\/index.php\/wp-json\/wp\/v2\/comments?post=11712"}],"version-history":[{"count":1,"href":"https:\/\/centralmedia.rs\/index.php\/wp-json\/wp\/v2\/posts\/11712\/revisions"}],"predecessor-version":[{"id":11716,"href":"https:\/\/centralmedia.rs\/index.php\/wp-json\/wp\/v2\/posts\/11712\/revisions\/11716"}],"wp:featuredmedia":[{"embeddable":true,"href":"https:\/\/centralmedia.rs\/index.php\/wp-json\/wp\/v2\/media\/11713"}],"wp:attachment":[{"href":"https:\/\/centralmedia.rs\/index.php\/wp-json\/wp\/v2\/media?parent=11712"}],"wp:term":[{"taxonomy":"category","embeddable":true,"href":"https:\/\/centralmedia.rs\/index.php\/wp-json\/wp\/v2\/categories?post=11712"},{"taxonomy":"post_tag","embeddable":true,"href":"https:\/\/centralmedia.rs\/index.php\/wp-json\/wp\/v2\/tags?post=11712"}],"curies":[{"name":"wp","href":"https:\/\/api.w.org\/{rel}","templated":true}]}}