{"id":11724,"date":"2018-04-20T17:17:27","date_gmt":"2018-04-20T17:17:27","guid":{"rendered":"http:\/\/centralmedia.rs\/?p=11724"},"modified":"2018-04-22T10:56:35","modified_gmt":"2018-04-22T10:56:35","slug":"izlozba-fotografija-moja-cuprija-najbolji-autor-milan-stanojevic","status":"publish","type":"post","link":"https:\/\/centralmedia.rs\/index.php\/2018\/04\/20\/izlozba-fotografija-moja-cuprija-najbolji-autor-milan-stanojevic\/","title":{"rendered":"IZLO\u017dBA FOTOGRAFIJA ,,MOJA \u0106UPRIJA&#8221; &#8211; NAJBOLJI AUTOR MILAN STANOJEVI\u0106"},"content":{"rendered":"<p>\u0106UPRIJA-Najbolji autor foto konkursa &#8220;Moja \u0106uprija&#8221; je Milan Stanojevi\u0107, dok je, po oceni \u017eirija,\u00a0 fotografija ,,Balerina&#8221; An\u0111elije Ili\u0107 progla\u0161ena najlep\u0161om. Na otvaranju izlo\u017ebe u petak, u obnovljenom prostoru biv\u0161eg Doma kulture ,,Sin\u0111eli\u0107&#8221;, Stanojevi\u0107u i An\u0111eliji Ili\u0107 uru\u010dene su pohvale, dok je zahvalnice dobilo 15 u\u010desnika konkursa. Za 17. najboljih u\u010desnika konkursa Ustanova kulture obezbedi\u0107e stru\u010dno usavr\u0161avanje.<\/p>\n<p>-Sve fotografije su nastale moblinim telefonom, mo\u017eda je to najinteresantije. Motiv mojih fotografija je nebo, volim zalaske i izlaske sunca, ki\u0161u, maglu, tada su najlep\u0161e boje u prirodi. Pejza\u017ei sa interesantnim bojama teme, re\u0111e portreti. Te\u0161ko je uhvatiti magi\u010dni trenutak fotogarfije, jer traje mnogo kratko do 2 minuta, rekao je Stanojevi\u0107.<\/p>\n<div id='gallery-1' class='gallery galleryid-11724 gallery-columns-4 gallery-size-full'><figure class='gallery-item'>\n\t\t\t<div class='gallery-icon landscape'>\n\t\t\t\t<a href='https:\/\/centralmedia.rs\/index.php\/2018\/04\/20\/izlozba-fotografija-moja-cuprija-najbolji-autor-milan-stanojevic\/balerina\/'><img loading=\"lazy\" decoding=\"async\" width=\"720\" height=\"404\" src=\"https:\/\/centralmedia.rs\/wp-content\/uploads\/2018\/04\/balerina.jpg\" class=\"attachment-full size-full\" alt=\"\" srcset=\"https:\/\/centralmedia.rs\/wp-content\/uploads\/2018\/04\/balerina.jpg 720w, https:\/\/centralmedia.rs\/wp-content\/uploads\/2018\/04\/balerina-300x168.jpg 300w\" sizes=\"(max-width: 720px) 100vw, 720px\" \/><\/a>\n\t\t\t<\/div><\/figure><figure class='gallery-item'>\n\t\t\t<div class='gallery-icon landscape'>\n\t\t\t\t<a href='https:\/\/centralmedia.rs\/index.php\/2018\/04\/20\/izlozba-fotografija-moja-cuprija-najbolji-autor-milan-stanojevic\/mladen\/'><img loading=\"lazy\" decoding=\"async\" width=\"261\" height=\"146\" src=\"https:\/\/centralmedia.rs\/wp-content\/uploads\/2018\/04\/mladen.jpg\" class=\"attachment-full size-full\" alt=\"\" \/><\/a>\n\t\t\t<\/div><\/figure><figure class='gallery-item'>\n\t\t\t<div class='gallery-icon landscape'>\n\t\t\t\t<a href='https:\/\/centralmedia.rs\/index.php\/2018\/04\/20\/izlozba-fotografija-moja-cuprija-najbolji-autor-milan-stanojevic\/izlozba-6\/'><img loading=\"lazy\" decoding=\"async\" width=\"261\" height=\"146\" src=\"https:\/\/centralmedia.rs\/wp-content\/uploads\/2018\/04\/izlozba-6.jpg\" class=\"attachment-full size-full\" alt=\"\" \/><\/a>\n\t\t\t<\/div><\/figure><figure class='gallery-item'>\n\t\t\t<div class='gallery-icon landscape'>\n\t\t\t\t<a href='https:\/\/centralmedia.rs\/index.php\/2018\/04\/20\/izlozba-fotografija-moja-cuprija-najbolji-autor-milan-stanojevic\/nagradjeni-7\/'><img loading=\"lazy\" decoding=\"async\" width=\"261\" height=\"146\" src=\"https:\/\/centralmedia.rs\/wp-content\/uploads\/2018\/04\/nagradjeni.jpg\" class=\"attachment-full size-full\" alt=\"\" \/><\/a>\n\t\t\t<\/div><\/figure>\n\t\t<\/div>\n\n<p>Na izlo\u017ebi je predstavljeno tridesetak najboljih fotografija,\u00a0\u00a0dok su ostali radovi biti projektovani u posebnom slajdu. Tridesetak autora poslalo je preko 300 fotografija. Konkurs je ukazao na talenate i zanimljive ideje. Ustanova kulture \u0107e tokom 2018. godine za najbolje autore obezbediti stru\u010dno usavr\u0161avanje u oblasti fotografije.<\/p>\n","protected":false},"excerpt":{"rendered":"<p>\u0106UPRIJA-Najbolji autor foto konkursa &#8220;Moja \u0106uprija&#8221; je Milan Stanojevi\u0107, dok je, po oceni \u017eirija,\u00a0 fotografija ,,Balerina&#8221; An\u0111elije Ili\u0107 progla\u0161ena najlep\u0161om. Na otvaranju izlo\u017ebe u petak, &hellip; <\/p>\n","protected":false},"author":4,"featured_media":11725,"comment_status":"open","ping_status":"open","sticky":false,"template":"","format":"standard","meta":{"footnotes":""},"categories":[1515,1524,887],"tags":[2635,2790,2789],"_links":{"self":[{"href":"https:\/\/centralmedia.rs\/index.php\/wp-json\/wp\/v2\/posts\/11724"}],"collection":[{"href":"https:\/\/centralmedia.rs\/index.php\/wp-json\/wp\/v2\/posts"}],"about":[{"href":"https:\/\/centralmedia.rs\/index.php\/wp-json\/wp\/v2\/types\/post"}],"author":[{"embeddable":true,"href":"https:\/\/centralmedia.rs\/index.php\/wp-json\/wp\/v2\/users\/4"}],"replies":[{"embeddable":true,"href":"https:\/\/centralmedia.rs\/index.php\/wp-json\/wp\/v2\/comments?post=11724"}],"version-history":[{"count":8,"href":"https:\/\/centralmedia.rs\/index.php\/wp-json\/wp\/v2\/posts\/11724\/revisions"}],"predecessor-version":[{"id":11748,"href":"https:\/\/centralmedia.rs\/index.php\/wp-json\/wp\/v2\/posts\/11724\/revisions\/11748"}],"wp:featuredmedia":[{"embeddable":true,"href":"https:\/\/centralmedia.rs\/index.php\/wp-json\/wp\/v2\/media\/11725"}],"wp:attachment":[{"href":"https:\/\/centralmedia.rs\/index.php\/wp-json\/wp\/v2\/media?parent=11724"}],"wp:term":[{"taxonomy":"category","embeddable":true,"href":"https:\/\/centralmedia.rs\/index.php\/wp-json\/wp\/v2\/categories?post=11724"},{"taxonomy":"post_tag","embeddable":true,"href":"https:\/\/centralmedia.rs\/index.php\/wp-json\/wp\/v2\/tags?post=11724"}],"curies":[{"name":"wp","href":"https:\/\/api.w.org\/{rel}","templated":true}]}}