{"id":11731,"date":"2018-04-21T17:23:00","date_gmt":"2018-04-21T17:23:00","guid":{"rendered":"http:\/\/centralmedia.rs\/?p=11731"},"modified":"2018-04-21T17:23:00","modified_gmt":"2018-04-21T17:23:00","slug":"kod-paracina-etno-selo-nova-atrakcija-koridora-10","status":"publish","type":"post","link":"https:\/\/centralmedia.rs\/index.php\/2018\/04\/21\/kod-paracina-etno-selo-nova-atrakcija-koridora-10\/","title":{"rendered":"KOD PARA\u0106INA &#8211; ETNO SELO NOVA ATRAKCIJA KORIDORA 10"},"content":{"rendered":"<p>PARA\u0106IN- Nova turisti\u010dka trakcija na Koridoru 10 kod Para\u0107ina. Na autoputu kod Para\u0107ina u traci od Beograda ka Ni\u0161u ove godine za turiste kompanija AMR otvori\u0107e etno selo povr\u0161ine 2,5 hektara. Etno selo nalazi se iza ograde autoputa kod nadaleko \u010duvenog restorana Tito. Na 4.000 kvadrata predvi\u0111eni su mnogobrojni sadr\u017eaji od sme\u0161taja, restorana, ve\u0161ta\u010dkog jezera, \u010desmi i potoka, preko igraonice, mini zoovrta, pijace etno proizvoda, pimnice, pekare, staklare i pivare, do letnje pozornice.<\/p>\n<div id='gallery-1' class='gallery galleryid-11731 gallery-columns-3 gallery-size-full'><figure class='gallery-item'>\n\t\t\t<div class='gallery-icon landscape'>\n\t\t\t\t<a href='https:\/\/centralmedia.rs\/index.php\/2018\/04\/21\/kod-paracina-etno-selo-nova-atrakcija-koridora-10\/mala-staklara-i-pivnica\/'><img loading=\"lazy\" decoding=\"async\" width=\"2048\" height=\"1152\" src=\"https:\/\/centralmedia.rs\/wp-content\/uploads\/2018\/04\/mala-staklara-i-pivnica.jpg\" class=\"attachment-full size-full\" alt=\"\" srcset=\"https:\/\/centralmedia.rs\/wp-content\/uploads\/2018\/04\/mala-staklara-i-pivnica.jpg 2048w, https:\/\/centralmedia.rs\/wp-content\/uploads\/2018\/04\/mala-staklara-i-pivnica-300x169.jpg 300w, https:\/\/centralmedia.rs\/wp-content\/uploads\/2018\/04\/mala-staklara-i-pivnica-768x432.jpg 768w, https:\/\/centralmedia.rs\/wp-content\/uploads\/2018\/04\/mala-staklara-i-pivnica-1024x576.jpg 1024w\" sizes=\"(max-width: 2048px) 100vw, 2048px\" \/><\/a>\n\t\t\t<\/div><\/figure><figure class='gallery-item'>\n\t\t\t<div class='gallery-icon landscape'>\n\t\t\t\t<a href='https:\/\/centralmedia.rs\/index.php\/2018\/04\/21\/kod-paracina-etno-selo-nova-atrakcija-koridora-10\/pimnica\/'><img loading=\"lazy\" decoding=\"async\" width=\"2048\" height=\"1152\" src=\"https:\/\/centralmedia.rs\/wp-content\/uploads\/2018\/04\/pimnica.jpg\" class=\"attachment-full size-full\" alt=\"\" srcset=\"https:\/\/centralmedia.rs\/wp-content\/uploads\/2018\/04\/pimnica.jpg 2048w, https:\/\/centralmedia.rs\/wp-content\/uploads\/2018\/04\/pimnica-300x169.jpg 300w, https:\/\/centralmedia.rs\/wp-content\/uploads\/2018\/04\/pimnica-768x432.jpg 768w, https:\/\/centralmedia.rs\/wp-content\/uploads\/2018\/04\/pimnica-1024x576.jpg 1024w\" sizes=\"(max-width: 2048px) 100vw, 2048px\" \/><\/a>\n\t\t\t<\/div><\/figure><figure class='gallery-item'>\n\t\t\t<div class='gallery-icon landscape'>\n\t\t\t\t<a href='https:\/\/centralmedia.rs\/index.php\/2018\/04\/21\/kod-paracina-etno-selo-nova-atrakcija-koridora-10\/smestaj\/'><img loading=\"lazy\" decoding=\"async\" width=\"2048\" height=\"1152\" src=\"https:\/\/centralmedia.rs\/wp-content\/uploads\/2018\/04\/smestaj.jpg\" class=\"attachment-full size-full\" alt=\"\" srcset=\"https:\/\/centralmedia.rs\/wp-content\/uploads\/2018\/04\/smestaj.jpg 2048w, https:\/\/centralmedia.rs\/wp-content\/uploads\/2018\/04\/smestaj-300x169.jpg 300w, https:\/\/centralmedia.rs\/wp-content\/uploads\/2018\/04\/smestaj-768x432.jpg 768w, https:\/\/centralmedia.rs\/wp-content\/uploads\/2018\/04\/smestaj-1024x576.jpg 1024w\" sizes=\"(max-width: 2048px) 100vw, 2048px\" \/><\/a>\n\t\t\t<\/div><\/figure>\n\t\t<\/div>\n\n<p>Kompleks \u0107e imati preko pedeset soba i apartmana i zapo\u0161ljava\u0107e oko \u010detrdeset radnika. Arhitektonski kompleks ima centralni trg sa \u010desmom gde je predvi\u0111ena prodaja poljoprivrednih proizvoda za putnike sa autoputa. Kroz etno-selo proti\u010de pravi pravcati potok, koji se isti\u010de sa jezera na brdu. Ve\u0107 su useljeni prvi stanovnici etno sela, a re\u010d je o poniju,\u00a0 magarcu i autenti\u010dnoj rasi goveda.<\/p>\n<p>Mala staklarska pe\u0107 izra\u0111iva\u0107e suvenire od stakla, a mini pivara\u00a0 proizvoditi pivo. Do etno sela tursti mogu da do\u0111u iz pravca Para\u0107ina, neasfaltiranm putem koji vodi pored biv\u0161e kasarne i sa parkinga restorana Tito na autoputu.<\/p>\n","protected":false},"excerpt":{"rendered":"<p>PARA\u0106IN- Nova turisti\u010dka trakcija na Koridoru 10 kod Para\u0107ina. Na autoputu kod Para\u0107ina u traci od Beograda ka Ni\u0161u ove godine za turiste kompanija AMR &hellip; <\/p>\n","protected":false},"author":4,"featured_media":11732,"comment_status":"open","ping_status":"open","sticky":false,"template":"","format":"standard","meta":{"footnotes":""},"categories":[22,1524,2,1516,887],"tags":[2793,330,2792,2791],"_links":{"self":[{"href":"https:\/\/centralmedia.rs\/index.php\/wp-json\/wp\/v2\/posts\/11731"}],"collection":[{"href":"https:\/\/centralmedia.rs\/index.php\/wp-json\/wp\/v2\/posts"}],"about":[{"href":"https:\/\/centralmedia.rs\/index.php\/wp-json\/wp\/v2\/types\/post"}],"author":[{"embeddable":true,"href":"https:\/\/centralmedia.rs\/index.php\/wp-json\/wp\/v2\/users\/4"}],"replies":[{"embeddable":true,"href":"https:\/\/centralmedia.rs\/index.php\/wp-json\/wp\/v2\/comments?post=11731"}],"version-history":[{"count":1,"href":"https:\/\/centralmedia.rs\/index.php\/wp-json\/wp\/v2\/posts\/11731\/revisions"}],"predecessor-version":[{"id":11736,"href":"https:\/\/centralmedia.rs\/index.php\/wp-json\/wp\/v2\/posts\/11731\/revisions\/11736"}],"wp:featuredmedia":[{"embeddable":true,"href":"https:\/\/centralmedia.rs\/index.php\/wp-json\/wp\/v2\/media\/11732"}],"wp:attachment":[{"href":"https:\/\/centralmedia.rs\/index.php\/wp-json\/wp\/v2\/media?parent=11731"}],"wp:term":[{"taxonomy":"category","embeddable":true,"href":"https:\/\/centralmedia.rs\/index.php\/wp-json\/wp\/v2\/categories?post=11731"},{"taxonomy":"post_tag","embeddable":true,"href":"https:\/\/centralmedia.rs\/index.php\/wp-json\/wp\/v2\/tags?post=11731"}],"curies":[{"name":"wp","href":"https:\/\/api.w.org\/{rel}","templated":true}]}}