{"id":11737,"date":"2018-04-21T17:35:11","date_gmt":"2018-04-21T17:35:11","guid":{"rendered":"http:\/\/centralmedia.rs\/?p=11737"},"modified":"2018-04-21T17:37:30","modified_gmt":"2018-04-21T17:37:30","slug":"pre-beograda-novog-sada-lgt-orkestar-u-nedelju-u-cupriji","status":"publish","type":"post","link":"https:\/\/centralmedia.rs\/index.php\/2018\/04\/21\/pre-beograda-novog-sada-lgt-orkestar-u-nedelju-u-cupriji\/","title":{"rendered":"PRE BEOGRADA I NOVOG SADA &#8211; LGT ORKESTAR U NEDELJU U \u0106UPRIJI"},"content":{"rendered":"<p>\u0106UPRIJA-Lihten\u0161tajnski orkestar mladih (LGT) orkestar najboljih mladih klasi\u010dnih muzi\u010dara iz vi\u0161e zemalja na svetu u nedelju u 19.30 u sali Muzi\u010dke \u0161kole \u00a0Du\u0161an Skovran odr\u017ea\u0107e koncert, kao uvertiru za nastupe u Beogradu i Novom Sadu.<\/p>\n<p>Guda\u010dki po sastavu, ovaj ansambl promenljivog broja \u010dlanova, okuplja najdarovitije izvo\u0111a\u010de izme\u0111u 12. i 23. godine. Sa vi\u0161e od 80 ukupnih nagrada na nacionalnim i me\u0111unarodnim takmi\u010denjima, ve\u0107ina ih ve\u0107 gradi uspe\u0161nu solisti\u010dku karijeru.<br \/>\nOd prvog javnog nastupa u novembru 2016. godine u \u0160aanu u Lihten\u0161tajnu, a odmah i decembarskog u Singapuru i Hong Kongu, ovi daroviti muzi\u010dari pozivani su redovno u ugledne koncertne sale Njujorka, Pekinga, \u0160angaja, Abu Dabija, Moskve, Minhena, Be\u010da, Ciriha, Tel Aviva&#8230; U organizaciji \u0160kole za muzi\u010dke talente i Ustanove kulture &#8220;\u0106uprija&#8221; nastupi\u0107e LGT okrestar a pre nastupa na Koncet u Madlenijanumu u Beogardu i NOMUS-u u Novom Sadu.<\/p>\n<p>Program:<br \/>\n1) \u0110. Tartini: Sonata g-mol, \u201c\u0110avolji triler\u201d, za klavir i\u00a0guda\u010de<br \/>\nSolista: Krista Maria Stangora, violina<br \/>\n2) D. Viren: Serenada za guda\u010de<br \/>\n3) N. Paganini: \u201cMozes Fantazija\u201d za violon\u010delo i guda\u010de<br \/>\nSolista: Filip \u0160upelius, violon\u010delo<br \/>\n&#8211; P A U Z A &#8211;<br \/>\n4) G. Holst: Svita Sv. Pavla, za guda\u010de<br \/>\n5) N. Paganini: \u201cKarneval u Veneciji\u201d za violu i guda\u010de<br \/>\n6) \u0110. Boteskini: Veliki koncertantni duo za violinu i kontrabas<br \/>\nSolisti: David Nebel, violina i Du\u0161an Kosti\u0107, kontrabas<\/p>\n<p>22. april, 19 \u010dasova i 30 minuta<br \/>\nsala \u0160kole za osnovno muzi\u010dko obrazovanje ,,Du\u0161an Skovran\u201d.<br \/>\nUlaz je slobodan<\/p>\n","protected":false},"excerpt":{"rendered":"<p>\u0106UPRIJA-Lihten\u0161tajnski orkestar mladih (LGT) orkestar najboljih mladih klasi\u010dnih muzi\u010dara iz vi\u0161e zemalja na svetu u nedelju u 19.30 u sali Muzi\u010dke \u0161kole \u00a0Du\u0161an Skovran odr\u017ea\u0107e &hellip; <\/p>\n","protected":false},"author":4,"featured_media":11666,"comment_status":"open","ping_status":"open","sticky":false,"template":"","format":"standard","meta":{"footnotes":""},"categories":[1515,1524,2,15,887,12],"tags":[44,2794],"_links":{"self":[{"href":"https:\/\/centralmedia.rs\/index.php\/wp-json\/wp\/v2\/posts\/11737"}],"collection":[{"href":"https:\/\/centralmedia.rs\/index.php\/wp-json\/wp\/v2\/posts"}],"about":[{"href":"https:\/\/centralmedia.rs\/index.php\/wp-json\/wp\/v2\/types\/post"}],"author":[{"embeddable":true,"href":"https:\/\/centralmedia.rs\/index.php\/wp-json\/wp\/v2\/users\/4"}],"replies":[{"embeddable":true,"href":"https:\/\/centralmedia.rs\/index.php\/wp-json\/wp\/v2\/comments?post=11737"}],"version-history":[{"count":2,"href":"https:\/\/centralmedia.rs\/index.php\/wp-json\/wp\/v2\/posts\/11737\/revisions"}],"predecessor-version":[{"id":11739,"href":"https:\/\/centralmedia.rs\/index.php\/wp-json\/wp\/v2\/posts\/11737\/revisions\/11739"}],"wp:featuredmedia":[{"embeddable":true,"href":"https:\/\/centralmedia.rs\/index.php\/wp-json\/wp\/v2\/media\/11666"}],"wp:attachment":[{"href":"https:\/\/centralmedia.rs\/index.php\/wp-json\/wp\/v2\/media?parent=11737"}],"wp:term":[{"taxonomy":"category","embeddable":true,"href":"https:\/\/centralmedia.rs\/index.php\/wp-json\/wp\/v2\/categories?post=11737"},{"taxonomy":"post_tag","embeddable":true,"href":"https:\/\/centralmedia.rs\/index.php\/wp-json\/wp\/v2\/tags?post=11737"}],"curies":[{"name":"wp","href":"https:\/\/api.w.org\/{rel}","templated":true}]}}