{"id":11765,"date":"2018-04-24T08:30:16","date_gmt":"2018-04-24T08:30:16","guid":{"rendered":"http:\/\/centralmedia.rs\/?p=11765"},"modified":"2018-05-14T14:21:35","modified_gmt":"2018-05-14T14:21:35","slug":"cajetina-uz-viseclane-porodice-tri-plus-kartice-za-porodice-sa-troje-vise-dece","status":"publish","type":"post","link":"https:\/\/centralmedia.rs\/index.php\/2018\/04\/24\/cajetina-uz-viseclane-porodice-tri-plus-kartice-za-porodice-sa-troje-vise-dece\/","title":{"rendered":"\u010cAJETINA UZ VI\u0160E\u010cLANE PORODICE &#8211; &#8220;Tri plus&#8221; kartice za porodice sa troje i vi\u0161e dece"},"content":{"rendered":"<p>\u010cAJETINA &#8211; Hteo bih da vam se zahvalim \u0161to vodite brigu o svojim porodicama, o svojoj op\u0161tini, svojoj dr\u017eavi, jer jedino su deca na\u0161a budu\u0107nost. Sve ostalo je manje va\u017eno i bitno jer ako se ne \u010duje de\u010dji pla\u010d mislim da nema ni Srbije, nema porodice, nema budu\u0107nosti &#8211; izjavio je predsednik op\u0161tine \u010cajetina Milan Stamatovi\u0107 prilikom dodele prvih kartica &#8220;Cena minus za tri plus&#8221; koja \u0107e roditeljima sa troje i vi\u0161e dece omogu\u0107iti popuste u odre\u0111enom broju objekata u \u010cajetini i Zlatiboru ali i u nekoliko gradova \u0161irom Srbije.<\/p>\n<figure id=\"attachment_11767\" aria-describedby=\"caption-attachment-11767\" style=\"width: 300px\" class=\"wp-caption alignright\"><a href=\"https:\/\/centralmedia.rs\/wp-content\/uploads\/2018\/04\/karticepreds_0.jpg\"><img loading=\"lazy\" decoding=\"async\" class=\"size-medium wp-image-11767\" src=\"https:\/\/centralmedia.rs\/wp-content\/uploads\/2018\/04\/karticepreds_0-300x169.jpg\" alt=\"\" width=\"300\" height=\"169\" srcset=\"https:\/\/centralmedia.rs\/wp-content\/uploads\/2018\/04\/karticepreds_0-300x169.jpg 300w, https:\/\/centralmedia.rs\/wp-content\/uploads\/2018\/04\/karticepreds_0.jpg 550w\" sizes=\"(max-width: 300px) 100vw, 300px\" \/><\/a><figcaption id=\"caption-attachment-11767\" class=\"wp-caption-text\">Milan Stamatovi\u0107<\/figcaption><\/figure>\n<p>U ovim te\u0161kim vremenima, nastavio je Stamatovi\u0107, treba vam odati priznanje \u0161to ste se odlu\u010dili da rodite dvoje, troje ili vi\u0161e dece. Sutra \u0107e va\u0161a deca voditi ovu op\u0161tinu, ovu dr\u017eavu. Op\u0161tina \u010cajetina, zajedno sa Udru\u017eenjem &#8220;Pokret za decu tri plus&#8221;, ima ideju i viziju, i uvek gledamo kako mo\u017eemo da pomognemo da \u0161to lak\u0161e pro\u0111ete kroz period podizanja dece, njihovo \u0161kolovanje i sutra njihov dolazak do posla.<a href=\"https:\/\/centralmedia.rs\/wp-content\/uploads\/2018\/04\/karticemajka_0.jpg\"><img loading=\"lazy\" decoding=\"async\" class=\"alignleft size-medium wp-image-11768\" src=\"https:\/\/centralmedia.rs\/wp-content\/uploads\/2018\/04\/karticemajka_0-300x200.jpg\" alt=\"\" width=\"300\" height=\"200\" srcset=\"https:\/\/centralmedia.rs\/wp-content\/uploads\/2018\/04\/karticemajka_0-300x200.jpg 300w, https:\/\/centralmedia.rs\/wp-content\/uploads\/2018\/04\/karticemajka_0.jpg 550w\" sizes=\"(max-width: 300px) 100vw, 300px\" \/><\/a><\/p>\n<p>Od srca vam se zahvaljujem i \u010destitam na odlukama da rodite vi\u0161e dece a nadam se da kada mi u Republici do\u0111emo na vlast da \u0107ete imati zaslu\u017eene penzije. I, ono \u0161to je najbitnije, da svaka majka koja ima troje ili vi\u0161e dece ima nacionalnu penziju, zaklju\u010dio je Stamatovi\u0107<br \/>\nNosilac i idejni tvorac ovog projekta, predsednik \u010da\u010danskog Udru\u017eenja &#8220;Pokret za tri plus&#8221; Vladica Gavrilovi\u0107, je ovom prilikom naglasio da \u0107e kartica va\u017eiti za celu Srbiju i da se broj objekata u kojima mo\u017ee da se koristi\u00a0 iz dana u dan pove\u0107ava. Informacija o tim objektima \u0107e se nalaziti na sajtu Udru\u017eenja, gde \u0107ete u svakom trenutku mo\u0107i da vidite koji objekti u gradovima \u0161irom Srbije omogu\u0107avaju ovu pogodnost, dodao je Gavrilovi\u0107. <a href=\"https:\/\/centralmedia.rs\/wp-content\/uploads\/2018\/04\/kartica1.rodj_.jpg\"><img loading=\"lazy\" decoding=\"async\" class=\"alignright size-medium wp-image-11769\" src=\"https:\/\/centralmedia.rs\/wp-content\/uploads\/2018\/04\/kartica1.rodj_-300x169.jpg\" alt=\"\" width=\"300\" height=\"169\" srcset=\"https:\/\/centralmedia.rs\/wp-content\/uploads\/2018\/04\/kartica1.rodj_-300x169.jpg 300w, https:\/\/centralmedia.rs\/wp-content\/uploads\/2018\/04\/kartica1.rodj_.jpg 550w\" sizes=\"(max-width: 300px) 100vw, 300px\" \/><\/a>Posebno se zahvalio op\u0161tina \u010cajetina koja je jedna od samo pet op\u0161tina u Srbiji kojima je Udru\u017eenje dodelilo priznanje &#8220;Ponosna kolevka&#8221; za kontinuiran napor u podr\u0161ci pove\u0107anju nataliteta u svojim sredinama.Sve majke koje ispunjavaju uslov, a koje nisu bile na spisku mogu popuniti izjavu na pisarnici op\u0161tine \u010cajetina, a kartice \u0107e im biti izra\u0111ene u najkra\u0107em roku.<\/p>\n","protected":false},"excerpt":{"rendered":"<p>\u010cAJETINA &#8211; Hteo bih da vam se zahvalim \u0161to vodite brigu o svojim porodicama, o svojoj op\u0161tini, svojoj dr\u017eavi, jer jedino su deca na\u0161a budu\u0107nost. &hellip; <\/p>\n","protected":false},"author":4,"featured_media":11766,"comment_status":"open","ping_status":"open","sticky":false,"template":"","format":"standard","meta":{"footnotes":""},"categories":[2875,14,1524,2,887,12],"tags":[2762,2802,2801],"_links":{"self":[{"href":"https:\/\/centralmedia.rs\/index.php\/wp-json\/wp\/v2\/posts\/11765"}],"collection":[{"href":"https:\/\/centralmedia.rs\/index.php\/wp-json\/wp\/v2\/posts"}],"about":[{"href":"https:\/\/centralmedia.rs\/index.php\/wp-json\/wp\/v2\/types\/post"}],"author":[{"embeddable":true,"href":"https:\/\/centralmedia.rs\/index.php\/wp-json\/wp\/v2\/users\/4"}],"replies":[{"embeddable":true,"href":"https:\/\/centralmedia.rs\/index.php\/wp-json\/wp\/v2\/comments?post=11765"}],"version-history":[{"count":1,"href":"https:\/\/centralmedia.rs\/index.php\/wp-json\/wp\/v2\/posts\/11765\/revisions"}],"predecessor-version":[{"id":11770,"href":"https:\/\/centralmedia.rs\/index.php\/wp-json\/wp\/v2\/posts\/11765\/revisions\/11770"}],"wp:featuredmedia":[{"embeddable":true,"href":"https:\/\/centralmedia.rs\/index.php\/wp-json\/wp\/v2\/media\/11766"}],"wp:attachment":[{"href":"https:\/\/centralmedia.rs\/index.php\/wp-json\/wp\/v2\/media?parent=11765"}],"wp:term":[{"taxonomy":"category","embeddable":true,"href":"https:\/\/centralmedia.rs\/index.php\/wp-json\/wp\/v2\/categories?post=11765"},{"taxonomy":"post_tag","embeddable":true,"href":"https:\/\/centralmedia.rs\/index.php\/wp-json\/wp\/v2\/tags?post=11765"}],"curies":[{"name":"wp","href":"https:\/\/api.w.org\/{rel}","templated":true}]}}