{"id":11775,"date":"2018-04-24T09:33:02","date_gmt":"2018-04-24T09:33:02","guid":{"rendered":"http:\/\/centralmedia.rs\/?p=11775"},"modified":"2018-04-24T09:33:43","modified_gmt":"2018-04-24T09:33:43","slug":"parking-servis-u-cupriji-naplata-od-maja","status":"publish","type":"post","link":"https:\/\/centralmedia.rs\/index.php\/2018\/04\/24\/parking-servis-u-cupriji-naplata-od-maja\/","title":{"rendered":"PARKING SERVIS U \u0106UPRIJI &#8211; NAPLATA OD MAJA"},"content":{"rendered":"<p>\u0106UPRIJA-Od po\u010detka maja u \u0106upriji po\u010dinje naplata parkinga. Prema usvojenom cenovniku sat parkiranja u ekstra i prvoj zoni ko\u0161ta\u0107e 36 dinara, dok \u0107e u drugoj biti 25 dinara. Cena dnevne karte u prvoj zoni je 145 dinara, a u drugoj 90. Jedinstvena dnevna karta za fizi\u010dka i pravna lica je 1.000 dinara, dok \u0107e odno\u0161enje nepropisno parkiranih vozila ko\u0161tati 5.000.<\/p>\n<div id='gallery-1' class='gallery galleryid-11775 gallery-columns-3 gallery-size-full'><figure class='gallery-item'>\n\t\t\t<div class='gallery-icon portrait'>\n\t\t\t\t<a href='https:\/\/centralmedia.rs\/index.php\/2018\/04\/24\/parking-servis-u-cupriji-naplata-od-maja\/parking-1\/'><img loading=\"lazy\" decoding=\"async\" width=\"660\" height=\"940\" src=\"https:\/\/centralmedia.rs\/wp-content\/uploads\/2018\/04\/parking-1.jpg\" class=\"attachment-full size-full\" alt=\"\" srcset=\"https:\/\/centralmedia.rs\/wp-content\/uploads\/2018\/04\/parking-1.jpg 660w, https:\/\/centralmedia.rs\/wp-content\/uploads\/2018\/04\/parking-1-211x300.jpg 211w\" sizes=\"(max-width: 660px) 100vw, 660px\" \/><\/a>\n\t\t\t<\/div><\/figure><figure class='gallery-item'>\n\t\t\t<div class='gallery-icon portrait'>\n\t\t\t\t<a href='https:\/\/centralmedia.rs\/index.php\/2018\/04\/24\/parking-servis-u-cupriji-naplata-od-maja\/parking-2\/'><img loading=\"lazy\" decoding=\"async\" width=\"660\" height=\"940\" src=\"https:\/\/centralmedia.rs\/wp-content\/uploads\/2018\/04\/parking-2.jpg\" class=\"attachment-full size-full\" alt=\"\" srcset=\"https:\/\/centralmedia.rs\/wp-content\/uploads\/2018\/04\/parking-2.jpg 660w, https:\/\/centralmedia.rs\/wp-content\/uploads\/2018\/04\/parking-2-211x300.jpg 211w\" sizes=\"(max-width: 660px) 100vw, 660px\" \/><\/a>\n\t\t\t<\/div><\/figure><figure class='gallery-item'>\n\t\t\t<div class='gallery-icon portrait'>\n\t\t\t\t<a href='https:\/\/centralmedia.rs\/index.php\/2018\/04\/24\/parking-servis-u-cupriji-naplata-od-maja\/parking-3\/'><img loading=\"lazy\" decoding=\"async\" width=\"660\" height=\"941\" src=\"https:\/\/centralmedia.rs\/wp-content\/uploads\/2018\/04\/parking-3.jpg\" class=\"attachment-full size-full\" alt=\"\" srcset=\"https:\/\/centralmedia.rs\/wp-content\/uploads\/2018\/04\/parking-3.jpg 660w, https:\/\/centralmedia.rs\/wp-content\/uploads\/2018\/04\/parking-3-210x300.jpg 210w\" sizes=\"(max-width: 660px) 100vw, 660px\" \/><\/a>\n\t\t\t<\/div><\/figure>\n\t\t<\/div>\n\n<p>-Na\u0161 cenovnik je za 10 i \u00a0vi\u0161e posto jeftiniji od para\u0107inskog i jagodinskog. Vozilo za odno\u0161enje nepropsino parkiranih automobila, van obele\u017enih povr\u0161ina, bi\u0107e iznajmljeno i bi\u0107e anga\u017eovano jednom do dva puta nedeljno. Imamo ve\u0107 nekoliko havarisanih vozila, bez tablica u glavnoj ulici. To mora da se uredi i skloni, saobra\u0107aj mora da bude bezbedan za sve u\u010desnike, rekao je direktor JKP Ravno 2014 Dejan Risti\u0107.<\/p>\n<p>Za sada se parkiranje ne\u0107e napla\u0107ivati na parkinzima ispred Merkatora i hale sportova Ada. Kada procedura prenosa vlasni\u0161tva na op\u0161tinu bude zavr\u0161ena i na tim mestima \u0107e biti ogranizovana naplata.<\/p>\n","protected":false},"excerpt":{"rendered":"<p>\u0106UPRIJA-Od po\u010detka maja u \u0106upriji po\u010dinje naplata parkinga. Prema usvojenom cenovniku sat parkiranja u ekstra i prvoj zoni ko\u0161ta\u0107e 36 dinara, dok \u0107e u drugoj &hellip; <\/p>\n","protected":false},"author":4,"featured_media":11776,"comment_status":"open","ping_status":"open","sticky":false,"template":"","format":"standard","meta":{"footnotes":""},"categories":[1515,1524,2,887,16,12],"tags":[44,2803,2248],"_links":{"self":[{"href":"https:\/\/centralmedia.rs\/index.php\/wp-json\/wp\/v2\/posts\/11775"}],"collection":[{"href":"https:\/\/centralmedia.rs\/index.php\/wp-json\/wp\/v2\/posts"}],"about":[{"href":"https:\/\/centralmedia.rs\/index.php\/wp-json\/wp\/v2\/types\/post"}],"author":[{"embeddable":true,"href":"https:\/\/centralmedia.rs\/index.php\/wp-json\/wp\/v2\/users\/4"}],"replies":[{"embeddable":true,"href":"https:\/\/centralmedia.rs\/index.php\/wp-json\/wp\/v2\/comments?post=11775"}],"version-history":[{"count":2,"href":"https:\/\/centralmedia.rs\/index.php\/wp-json\/wp\/v2\/posts\/11775\/revisions"}],"predecessor-version":[{"id":11781,"href":"https:\/\/centralmedia.rs\/index.php\/wp-json\/wp\/v2\/posts\/11775\/revisions\/11781"}],"wp:featuredmedia":[{"embeddable":true,"href":"https:\/\/centralmedia.rs\/index.php\/wp-json\/wp\/v2\/media\/11776"}],"wp:attachment":[{"href":"https:\/\/centralmedia.rs\/index.php\/wp-json\/wp\/v2\/media?parent=11775"}],"wp:term":[{"taxonomy":"category","embeddable":true,"href":"https:\/\/centralmedia.rs\/index.php\/wp-json\/wp\/v2\/categories?post=11775"},{"taxonomy":"post_tag","embeddable":true,"href":"https:\/\/centralmedia.rs\/index.php\/wp-json\/wp\/v2\/tags?post=11775"}],"curies":[{"name":"wp","href":"https:\/\/api.w.org\/{rel}","templated":true}]}}