{"id":1180,"date":"2015-11-16T03:30:00","date_gmt":"2015-11-16T03:30:00","guid":{"rendered":"http:\/\/centralmedia.rs\/?p=1180"},"modified":"2015-11-16T03:30:00","modified_gmt":"2015-11-16T03:30:00","slug":"strajk-upozorenja-u-andrea-konfekcione","status":"publish","type":"post","link":"https:\/\/centralmedia.rs\/index.php\/2015\/11\/16\/strajk-upozorenja-u-andrea-konfekcione\/","title":{"rendered":"\u0160TRAJK UPOZORENJA U ANDREA KONFEKCIONE"},"content":{"rendered":"<p>JAGODINA-Odbor poverenika sindikata  \u201cNezavisnost\u201c Confezioni Andrea Serbia u Jagodini doneo je odluku o stupanju u jednosatni \u0161trajk upozorenja u utorak od   14:30  \u010dasova do  15:30 \u010dasova.<br \/>\nOdbor poverenika zahteva od poslodavca da obavesti predstavnike Sindikata \u201cNezavisnost\u201d i sve zaposlene o razlozima  uvo\u0111enja 10-\u010dasovnog radnog vremena, te da se osim jedne polu\u010dasovne pauze, radnicima omogu\u0107i jo\u0161 jedna pauza u trajanju od 15 minuta. Sindikalci zahtevaju da im se dostavi Pravilnik o  normama, da se defini\u0161u pitanja grupnih i individualnih normi i da se odmah prekine sa praksom kaznenih, takozvanih \u201eslu\u017ebenih bele\u0161ki\u201c, koje slu\u017ee za vr\u0161enje pritiska i davanje otkaza radnicima. Pored toga, od poslodavaca se zahteva da se u skladu sa odredbama Zakona o bezbednosti i zdravlja na radu formira Odbor za bezbednost i zdravlje na radu, kao i da se do kraja 2015 godine  zapo\u010dnu pregovori poslovodstva Confezioni Andrea Serbia i Sindikata \u201eNezavisnost\u201c oko pove\u0107anja zarada i naknade za topli obrok i regres.<br \/>\n      <a href=\"https:\/\/centralmedia.rs\/wp-content\/uploads\/2015\/11\/andera-konfekcioni-jagodina-3.jpg\"><img loading=\"lazy\" decoding=\"async\" src=\"https:\/\/centralmedia.rs\/wp-content\/uploads\/2015\/11\/andera-konfekcioni-jagodina-3-300x166.jpg\" alt=\"andera konfekcioni-jagodina 3\" width=\"300\" height=\"166\" class=\"alignnone size-medium wp-image-1181\" srcset=\"https:\/\/centralmedia.rs\/wp-content\/uploads\/2015\/11\/andera-konfekcioni-jagodina-3-300x166.jpg 300w, https:\/\/centralmedia.rs\/wp-content\/uploads\/2015\/11\/andera-konfekcioni-jagodina-3-1024x566.jpg 1024w, https:\/\/centralmedia.rs\/wp-content\/uploads\/2015\/11\/andera-konfekcioni-jagodina-3.jpg 1200w\" sizes=\"(max-width: 300px) 100vw, 300px\" \/><\/a><br \/>\nOdbor poverenika  pozvao je poslodavca da odmah  otpo\u010dne pregovore sa \u0160trajka\u010dkim odborom radi ispunjenja zahteva. Odluka o \u0161trajku dostavljena je  direktoru Confezioni Andrea Serbia,  predsedniku Skup\u0161tine op\u0161tine Jagodina  i vlasniku kompanije Confezioni Andrea.<br \/>\n      Kako se navodi u obrazlo\u017eenju odluke, \u0161trajk upozorenja \u0107e se obavljati u krugu preduze\u0107a, okupljanjem zaposlenih ispred upravne zgrade u cilju informisanja  o toku pregovora sa poslovodstvom preduze\u0107a Confezioni Andrea Serbia.<\/p>\n<p>PROBLEMI<br \/>\nZbog problema u Foksvagen grupi i plasmanom proizvoda, automobilskih cirada, jagodinski pogon Andrea konfekcioni u oktobru je na nekoliko dana prekinuo proizvodnju i oko 300 ,,sezonskih\u201c radnika je ostalo bez posla, dok je 500 stalno zaposlenih vra\u0107eno na posao. Ina\u010de 95 odsto proizvodnje u Jagodini se izvozi.<\/p>\n<p>SUBVENCIJE<br \/>\nZa zapo\u0161ljavanje 500 radnika kompanija Andrea konfekcioni je iz bud\u017eeta Srbije dobila 9.000 evra po random mestu, kao I besplatnu lokaciju sa ure\u0111enom infrastrukturom u Industrisjkoj zoni.  <\/p>\n","protected":false},"excerpt":{"rendered":"<p>JAGODINA-Odbor poverenika sindikata \u201cNezavisnost\u201c Confezioni Andrea Serbia u Jagodini doneo je odluku o stupanju u jednosatni \u0161trajk upozorenja u utorak od 14:30 \u010dasova do 15:30 &hellip; <\/p>\n","protected":false},"author":4,"featured_media":744,"comment_status":"open","ping_status":"open","sticky":false,"template":"","format":"standard","meta":{"footnotes":""},"categories":[22,2,12],"tags":[71,211],"_links":{"self":[{"href":"https:\/\/centralmedia.rs\/index.php\/wp-json\/wp\/v2\/posts\/1180"}],"collection":[{"href":"https:\/\/centralmedia.rs\/index.php\/wp-json\/wp\/v2\/posts"}],"about":[{"href":"https:\/\/centralmedia.rs\/index.php\/wp-json\/wp\/v2\/types\/post"}],"author":[{"embeddable":true,"href":"https:\/\/centralmedia.rs\/index.php\/wp-json\/wp\/v2\/users\/4"}],"replies":[{"embeddable":true,"href":"https:\/\/centralmedia.rs\/index.php\/wp-json\/wp\/v2\/comments?post=1180"}],"version-history":[{"count":0,"href":"https:\/\/centralmedia.rs\/index.php\/wp-json\/wp\/v2\/posts\/1180\/revisions"}],"wp:featuredmedia":[{"embeddable":true,"href":"https:\/\/centralmedia.rs\/index.php\/wp-json\/wp\/v2\/media\/744"}],"wp:attachment":[{"href":"https:\/\/centralmedia.rs\/index.php\/wp-json\/wp\/v2\/media?parent=1180"}],"wp:term":[{"taxonomy":"category","embeddable":true,"href":"https:\/\/centralmedia.rs\/index.php\/wp-json\/wp\/v2\/categories?post=1180"},{"taxonomy":"post_tag","embeddable":true,"href":"https:\/\/centralmedia.rs\/index.php\/wp-json\/wp\/v2\/tags?post=1180"}],"curies":[{"name":"wp","href":"https:\/\/api.w.org\/{rel}","templated":true}]}}