{"id":11800,"date":"2018-04-16T22:44:54","date_gmt":"2018-04-16T22:44:54","guid":{"rendered":"http:\/\/centralmedia.rs\/?p=11800"},"modified":"2018-04-24T22:52:27","modified_gmt":"2018-04-24T22:52:27","slug":"briga-o-najmladjima-u-svilajncu-pregledi-posture-tela-za-skolarce","status":"publish","type":"post","link":"https:\/\/centralmedia.rs\/index.php\/2018\/04\/16\/briga-o-najmladjima-u-svilajncu-pregledi-posture-tela-za-skolarce\/","title":{"rendered":"BRIGA O NAJMLA\u0110IMA U SVILAJNCU &#8211; PREGLEDI POSTURE TELA ZA \u0160KOLARCE"},"content":{"rendered":"<p>SVILAJNAC- U organizaciji Centra za brigu o porodici uz saradnju sa Domom zdravlja Svilajnac i osnovnim \u0161kolama, po\u010deli su pregledi posture tela za decu \u0161kolskog uzrasta. Prvi pregledi obavljaju se u selima Bresje, Ma\u010devac, Vojska i Rado\u0161in, a do kraja aprila bi\u0107e pregledana sva deca u svim \u0161kolama na teritoriji op\u0161tine Svilajnac.<br \/>\n&#8211; Deci i roditeljima, od velikog zna\u010daja \u0161to se ovi pregledi obavljaju u samim \u0161kolama. Cilj nam je da vidimo kakvo je dr\u017eanje dece, da ispravimo nepravilnosti na vreme, da ih motivi\u0161emo da ve\u017ebaju ili se bave nekim sportom, jer svi deformiteti naj\u010de\u0161\u0107e nastaju zbog nedovoljne fizi\u010dke sktivnoti, te\u0161kih \u0161kolskih torbi, predugog sedenja ispred ra\u010dunara ili televizora, ka\u017ee direktorka Centra za brigu o porodici Ivana Petrovi\u0107.<\/p>\n<div id='gallery-1' class='gallery galleryid-11800 gallery-columns-3 gallery-size-full'><figure class='gallery-item'>\n\t\t\t<div class='gallery-icon landscape'>\n\t\t\t\t<a href='https:\/\/centralmedia.rs\/index.php\/2018\/04\/16\/briga-o-najmladjima-u-svilajncu-pregledi-posture-tela-za-skolarce\/pregledi-2\/'><img loading=\"lazy\" decoding=\"async\" width=\"2048\" height=\"1365\" src=\"https:\/\/centralmedia.rs\/wp-content\/uploads\/2018\/04\/pregledi-2.jpg\" class=\"attachment-full size-full\" alt=\"\" srcset=\"https:\/\/centralmedia.rs\/wp-content\/uploads\/2018\/04\/pregledi-2.jpg 2048w, https:\/\/centralmedia.rs\/wp-content\/uploads\/2018\/04\/pregledi-2-300x200.jpg 300w, https:\/\/centralmedia.rs\/wp-content\/uploads\/2018\/04\/pregledi-2-768x512.jpg 768w, https:\/\/centralmedia.rs\/wp-content\/uploads\/2018\/04\/pregledi-2-1024x683.jpg 1024w\" sizes=\"(max-width: 2048px) 100vw, 2048px\" \/><\/a>\n\t\t\t<\/div><\/figure><figure class='gallery-item'>\n\t\t\t<div class='gallery-icon landscape'>\n\t\t\t\t<a href='https:\/\/centralmedia.rs\/index.php\/2018\/04\/16\/briga-o-najmladjima-u-svilajncu-pregledi-posture-tela-za-skolarce\/pregledi-3\/'><img loading=\"lazy\" decoding=\"async\" width=\"2048\" height=\"1365\" src=\"https:\/\/centralmedia.rs\/wp-content\/uploads\/2018\/04\/pregledi-3.jpg\" class=\"attachment-full size-full\" alt=\"\" srcset=\"https:\/\/centralmedia.rs\/wp-content\/uploads\/2018\/04\/pregledi-3.jpg 2048w, https:\/\/centralmedia.rs\/wp-content\/uploads\/2018\/04\/pregledi-3-300x200.jpg 300w, https:\/\/centralmedia.rs\/wp-content\/uploads\/2018\/04\/pregledi-3-768x512.jpg 768w, https:\/\/centralmedia.rs\/wp-content\/uploads\/2018\/04\/pregledi-3-1024x683.jpg 1024w\" sizes=\"(max-width: 2048px) 100vw, 2048px\" \/><\/a>\n\t\t\t<\/div><\/figure><figure class='gallery-item'>\n\t\t\t<div class='gallery-icon landscape'>\n\t\t\t\t<a href='https:\/\/centralmedia.rs\/index.php\/2018\/04\/16\/briga-o-najmladjima-u-svilajncu-pregledi-posture-tela-za-skolarce\/pregledi\/'><img loading=\"lazy\" decoding=\"async\" width=\"2048\" height=\"1365\" src=\"https:\/\/centralmedia.rs\/wp-content\/uploads\/2018\/04\/pregledi.jpg\" class=\"attachment-full size-full\" alt=\"\" srcset=\"https:\/\/centralmedia.rs\/wp-content\/uploads\/2018\/04\/pregledi.jpg 2048w, https:\/\/centralmedia.rs\/wp-content\/uploads\/2018\/04\/pregledi-300x200.jpg 300w, https:\/\/centralmedia.rs\/wp-content\/uploads\/2018\/04\/pregledi-768x512.jpg 768w, https:\/\/centralmedia.rs\/wp-content\/uploads\/2018\/04\/pregledi-1024x683.jpg 1024w\" sizes=\"(max-width: 2048px) 100vw, 2048px\" \/><\/a>\n\t\t\t<\/div><\/figure>\n\t\t<\/div>\n\n<p>Na terenu decu pregledaju lekar i vi\u0161i fizijatar.<\/p>\n<p>&#8211; Pregledi obuhvataju merenje te\u017eine, visine, preglede ki\u010dme radi uo\u010davanja deformiteta ili lo\u0161eg dr\u017eanja tela i\u00a0pregled stopala. Kada uo\u010dimo neki problem kod deteta, ukoliko je lak\u0161eg stepena, obave\u0161tavamo roditelje i upu\u0107ujemo decu na ve\u017ebe korektivne gimnastike, a ako uo\u010dimo neki ve\u0107i problem dete upu\u0107ujemo kod fizijatra, ka\u017ee dr Mariana Vasi\u0107 koja obavlja preglede na terenu.<br \/>\nPregledi \u0107e se vr\u0161iti i po ostalim \u0161kolama op\u0161tine Svilajnac.<a href=\"https:\/\/centralmedia.rs\/wp-content\/uploads\/2018\/04\/GRB-SVILAJNCA-1.png\"><img loading=\"lazy\" decoding=\"async\" class=\"alignright size-full wp-image-11783\" src=\"https:\/\/centralmedia.rs\/wp-content\/uploads\/2018\/04\/GRB-SVILAJNCA-1.png\" alt=\"\" width=\"180\" height=\"126\" srcset=\"https:\/\/centralmedia.rs\/wp-content\/uploads\/2018\/04\/GRB-SVILAJNCA-1.png 180w, https:\/\/centralmedia.rs\/wp-content\/uploads\/2018\/04\/GRB-SVILAJNCA-1-100x70.png 100w\" sizes=\"(max-width: 180px) 100vw, 180px\" \/><\/a><\/p>\n<p>,,SVILAJNA\u010cKA GRA\u0110ANSKA AKCIJA ZA DEMOKRATSKO DRU\u0160TVO&#8221;<\/p>\n<p>Projekat se sufinansira sredstvima Op\u0161tine Svilajnac. Stavovi izneti u podr\u017eanom medijskom projektu nu\u017eno ne izra\u017eavaju stavove organa koji je dodelio sredstva.<\/p>\n","protected":false},"excerpt":{"rendered":"<p>SVILAJNAC- U organizaciji Centra za brigu o porodici uz saradnju sa Domom zdravlja Svilajnac i osnovnim \u0161kolama, po\u010deli su pregledi posture tela za decu \u0161kolskog &hellip; <\/p>\n","protected":false},"author":4,"featured_media":11801,"comment_status":"open","ping_status":"open","sticky":false,"template":"","format":"standard","meta":{"footnotes":""},"categories":[1524,2,887,16,12,1517],"tags":[2809,2810,38],"_links":{"self":[{"href":"https:\/\/centralmedia.rs\/index.php\/wp-json\/wp\/v2\/posts\/11800"}],"collection":[{"href":"https:\/\/centralmedia.rs\/index.php\/wp-json\/wp\/v2\/posts"}],"about":[{"href":"https:\/\/centralmedia.rs\/index.php\/wp-json\/wp\/v2\/types\/post"}],"author":[{"embeddable":true,"href":"https:\/\/centralmedia.rs\/index.php\/wp-json\/wp\/v2\/users\/4"}],"replies":[{"embeddable":true,"href":"https:\/\/centralmedia.rs\/index.php\/wp-json\/wp\/v2\/comments?post=11800"}],"version-history":[{"count":1,"href":"https:\/\/centralmedia.rs\/index.php\/wp-json\/wp\/v2\/posts\/11800\/revisions"}],"predecessor-version":[{"id":11805,"href":"https:\/\/centralmedia.rs\/index.php\/wp-json\/wp\/v2\/posts\/11800\/revisions\/11805"}],"wp:featuredmedia":[{"embeddable":true,"href":"https:\/\/centralmedia.rs\/index.php\/wp-json\/wp\/v2\/media\/11801"}],"wp:attachment":[{"href":"https:\/\/centralmedia.rs\/index.php\/wp-json\/wp\/v2\/media?parent=11800"}],"wp:term":[{"taxonomy":"category","embeddable":true,"href":"https:\/\/centralmedia.rs\/index.php\/wp-json\/wp\/v2\/categories?post=11800"},{"taxonomy":"post_tag","embeddable":true,"href":"https:\/\/centralmedia.rs\/index.php\/wp-json\/wp\/v2\/tags?post=11800"}],"curies":[{"name":"wp","href":"https:\/\/api.w.org\/{rel}","templated":true}]}}