{"id":11835,"date":"2018-04-26T14:25:31","date_gmt":"2018-04-26T14:25:31","guid":{"rendered":"http:\/\/centralmedia.rs\/?p=11835"},"modified":"2018-04-26T14:29:35","modified_gmt":"2018-04-26T14:29:35","slug":"jagodinci-kijali-kasljali-zbog-zaprasivanja-komaraca-visan-nema-razloga-za-uzbunu","status":"publish","type":"post","link":"https:\/\/centralmedia.rs\/index.php\/2018\/04\/26\/jagodinci-kijali-kasljali-zbog-zaprasivanja-komaraca-visan-nema-razloga-za-uzbunu\/","title":{"rendered":"JAGODINCI KIJALI I KA\u0160LJALI, NEKI IMALI OSE\u0106AJ GU\u0160ENJA, ZBOG ZAPRA\u0160IVANJA KOMARACA &#8211; VISAN : NEMA RAZLOGA ZA UZBUNU"},"content":{"rendered":"<p>JAGODINA- Posle burne reakcija Jagodinaca na zapra\u0161ivanje komaraca u sredu uve\u010de, jer su se mnogi ka\u0161ljali, kijali, a neki i imali ose\u0107aj gu\u0161enja, Zavod DDD Visan iz Zemuna saop\u0161tio je danas da je sproveo akciju uni\u0161tavanja komaraca u Jagodini i da su kori\u0161\u0107ena ciljana sredstva, koja ne mogu da na\u0161kode ljudima ali mogu da budu iritantna. Tako\u0111e, Visana tvrde da su o akciji blagovremeno obave\u0161teni gra\u0111ani Jagodine, koji ne bi trebalo da budu na ulicama dok se obavlja tretman iz vazduha i sa zemlje. Zdru\u017eena akcija uni\u0161tavanja komaraca obavljena je iz vazduha avionom i sa zemlje ULV aparatima.<\/p>\n<div id='gallery-1' class='gallery galleryid-11835 gallery-columns-3 gallery-size-full'><figure class='gallery-item'>\n\t\t\t<div class='gallery-icon landscape'>\n\t\t\t\t<a href='https:\/\/centralmedia.rs\/index.php\/2018\/04\/26\/jagodinci-kijali-kasljali-zbog-zaprasivanja-komaraca-visan-nema-razloga-za-uzbunu\/avion-komarci-zaprasivanje-zavod-visan-svilajnac\/'><img loading=\"lazy\" decoding=\"async\" width=\"960\" height=\"960\" src=\"https:\/\/centralmedia.rs\/wp-content\/uploads\/2018\/04\/avion-komarci-zaprasivanje-zavod-visan-svilajnac.jpg\" class=\"attachment-full size-full\" alt=\"\" aria-describedby=\"gallery-1-11837\" srcset=\"https:\/\/centralmedia.rs\/wp-content\/uploads\/2018\/04\/avion-komarci-zaprasivanje-zavod-visan-svilajnac.jpg 960w, https:\/\/centralmedia.rs\/wp-content\/uploads\/2018\/04\/avion-komarci-zaprasivanje-zavod-visan-svilajnac-150x150.jpg 150w, https:\/\/centralmedia.rs\/wp-content\/uploads\/2018\/04\/avion-komarci-zaprasivanje-zavod-visan-svilajnac-300x300.jpg 300w, https:\/\/centralmedia.rs\/wp-content\/uploads\/2018\/04\/avion-komarci-zaprasivanje-zavod-visan-svilajnac-768x768.jpg 768w\" sizes=\"(max-width: 960px) 100vw, 960px\" \/><\/a>\n\t\t\t<\/div>\n\t\t\t\t<figcaption class='wp-caption-text gallery-caption' id='gallery-1-11837'>\n\t\t\t\tFoto Visan\n\t\t\t\t<\/figcaption><\/figure><figure class='gallery-item'>\n\t\t\t<div class='gallery-icon landscape'>\n\t\t\t\t<a href='https:\/\/centralmedia.rs\/index.php\/2018\/04\/26\/jagodinci-kijali-kasljali-zbog-zaprasivanja-komaraca-visan-nema-razloga-za-uzbunu\/avion-komarci-zaprasivanje-zavod-visan-uzice\/'><img loading=\"lazy\" decoding=\"async\" width=\"960\" height=\"960\" src=\"https:\/\/centralmedia.rs\/wp-content\/uploads\/2018\/04\/avion-komarci-zaprasivanje-zavod-visan-uzice.jpg\" class=\"attachment-full size-full\" alt=\"\" aria-describedby=\"gallery-1-11838\" srcset=\"https:\/\/centralmedia.rs\/wp-content\/uploads\/2018\/04\/avion-komarci-zaprasivanje-zavod-visan-uzice.jpg 960w, https:\/\/centralmedia.rs\/wp-content\/uploads\/2018\/04\/avion-komarci-zaprasivanje-zavod-visan-uzice-150x150.jpg 150w, https:\/\/centralmedia.rs\/wp-content\/uploads\/2018\/04\/avion-komarci-zaprasivanje-zavod-visan-uzice-300x300.jpg 300w, https:\/\/centralmedia.rs\/wp-content\/uploads\/2018\/04\/avion-komarci-zaprasivanje-zavod-visan-uzice-768x768.jpg 768w\" sizes=\"(max-width: 960px) 100vw, 960px\" \/><\/a>\n\t\t\t<\/div>\n\t\t\t\t<figcaption class='wp-caption-text gallery-caption' id='gallery-1-11838'>\n\t\t\t\tFoto Visan\n\t\t\t\t<\/figcaption><\/figure><figure class='gallery-item'>\n\t\t\t<div class='gallery-icon landscape'>\n\t\t\t\t<a href='https:\/\/centralmedia.rs\/index.php\/2018\/04\/26\/jagodinci-kijali-kasljali-zbog-zaprasivanja-komaraca-visan-nema-razloga-za-uzbunu\/sa-zemlje-komarci-zaprasivanje-zavod-visan-uzice\/'><img loading=\"lazy\" decoding=\"async\" width=\"960\" height=\"960\" src=\"https:\/\/centralmedia.rs\/wp-content\/uploads\/2018\/04\/sa-zemlje-komarci-zaprasivanje-zavod-visan-uzice.jpg\" class=\"attachment-full size-full\" alt=\"\" aria-describedby=\"gallery-1-11839\" srcset=\"https:\/\/centralmedia.rs\/wp-content\/uploads\/2018\/04\/sa-zemlje-komarci-zaprasivanje-zavod-visan-uzice.jpg 960w, https:\/\/centralmedia.rs\/wp-content\/uploads\/2018\/04\/sa-zemlje-komarci-zaprasivanje-zavod-visan-uzice-150x150.jpg 150w, https:\/\/centralmedia.rs\/wp-content\/uploads\/2018\/04\/sa-zemlje-komarci-zaprasivanje-zavod-visan-uzice-300x300.jpg 300w, https:\/\/centralmedia.rs\/wp-content\/uploads\/2018\/04\/sa-zemlje-komarci-zaprasivanje-zavod-visan-uzice-768x768.jpg 768w\" sizes=\"(max-width: 960px) 100vw, 960px\" \/><\/a>\n\t\t\t<\/div>\n\t\t\t\t<figcaption class='wp-caption-text gallery-caption' id='gallery-1-11839'>\n\t\t\t\tFoto Visan\n\t\t\t\t<\/figcaption><\/figure>\n\t\t<\/div>\n\n<p>&#8211; Sredstva nisu opasna po stanovni\u0161tvo, nema razloga za uzbunu po pitanju ugro\u017eenosti zdravlja. \u00a0Re\u010d je o sredstvima koja uzeta za ciljanu vrstu, odnosno komarce. Radilo se sa\u00a0 preparatom Moslink sa aktivnom materijom lambatrihalotrin. On jeste malo iritantan. Preparat nije opasan po ljude, ali je malo iritant, ni\u0161ta vi\u0161e. Mo\u017ee da izazove kijanje. \u00a0Kada se stanovni\u0161tvno obavesti preko medija kako je moja saradnica za Jagodinu uradila, onda ne bi trebalo da se narod \u0161eta ispod samog aviona. Obave\u0161tenje je i\u0161lo na vreme, obave\u0161teni su p\u010delari. Stanovni\u0161tvo je obave\u0161teno o tretmanima iz vazduha i sa zemlje, ka\u017ee direktor Visana Dragan Ristanovi\u0107.<\/p>\n<p>On dodaje da je sredstvo Deltasektom za uni\u0161tavanje komaraca upotrebljeno sa zemlje i da ono nije problem po zdravlje ljudi.<\/p>\n<p>-To su pirotrodi koji ipak nisu neki iritanti. Dimili smo smo u termofogerima isti preperat i nije bilo problema, navodi Ristanovi\u0107 i isti\u010de da je poenta pri\u010da da se preparat \u0161to du\u017ee zadr\u017ei u vazduhu i da do\u0111e u kontakt sa komarcima, zato se zapra\u0161ivanje radi kada je tiho vreme.<\/p>\n<p>Zavod DDD Visan je dao jedinu ponudu na javnoj nabavci u Jagodini za uni\u0161tavanje komaraca i krpelja u iznosu 2,93 miliona dinara bez PDV.<\/p>\n","protected":false},"excerpt":{"rendered":"<p>JAGODINA- Posle burne reakcija Jagodinaca na zapra\u0161ivanje komaraca u sredu uve\u010de, jer su se mnogi ka\u0161ljali, kijali, a neki i imali ose\u0107aj gu\u0161enja, Zavod DDD &hellip; <\/p>\n","protected":false},"author":4,"featured_media":11836,"comment_status":"open","ping_status":"open","sticky":false,"template":"","format":"standard","meta":{"footnotes":""},"categories":[1524,2,1514,16,12],"tags":[58,2814,2813],"_links":{"self":[{"href":"https:\/\/centralmedia.rs\/index.php\/wp-json\/wp\/v2\/posts\/11835"}],"collection":[{"href":"https:\/\/centralmedia.rs\/index.php\/wp-json\/wp\/v2\/posts"}],"about":[{"href":"https:\/\/centralmedia.rs\/index.php\/wp-json\/wp\/v2\/types\/post"}],"author":[{"embeddable":true,"href":"https:\/\/centralmedia.rs\/index.php\/wp-json\/wp\/v2\/users\/4"}],"replies":[{"embeddable":true,"href":"https:\/\/centralmedia.rs\/index.php\/wp-json\/wp\/v2\/comments?post=11835"}],"version-history":[{"count":5,"href":"https:\/\/centralmedia.rs\/index.php\/wp-json\/wp\/v2\/posts\/11835\/revisions"}],"predecessor-version":[{"id":11844,"href":"https:\/\/centralmedia.rs\/index.php\/wp-json\/wp\/v2\/posts\/11835\/revisions\/11844"}],"wp:featuredmedia":[{"embeddable":true,"href":"https:\/\/centralmedia.rs\/index.php\/wp-json\/wp\/v2\/media\/11836"}],"wp:attachment":[{"href":"https:\/\/centralmedia.rs\/index.php\/wp-json\/wp\/v2\/media?parent=11835"}],"wp:term":[{"taxonomy":"category","embeddable":true,"href":"https:\/\/centralmedia.rs\/index.php\/wp-json\/wp\/v2\/categories?post=11835"},{"taxonomy":"post_tag","embeddable":true,"href":"https:\/\/centralmedia.rs\/index.php\/wp-json\/wp\/v2\/tags?post=11835"}],"curies":[{"name":"wp","href":"https:\/\/api.w.org\/{rel}","templated":true}]}}