{"id":11856,"date":"2018-04-26T22:08:18","date_gmt":"2018-04-26T22:08:18","guid":{"rendered":"http:\/\/centralmedia.rs\/?p=11856"},"modified":"2018-04-26T22:08:40","modified_gmt":"2018-04-26T22:08:40","slug":"demant-direktora-doma-zdravlja-u-despotovcu-milosevic-sve-moje-odluke-su-u-skladu-sa-zakonom","status":"publish","type":"post","link":"https:\/\/centralmedia.rs\/index.php\/2018\/04\/26\/demant-direktora-doma-zdravlja-u-despotovcu-milosevic-sve-moje-odluke-su-u-skladu-sa-zakonom\/","title":{"rendered":"DEMANT DIREKTORA DOMA ZDRAVLJA U DESPOTOVCU &#8211; MILO\u0160EVI\u0106 : \u201eSVE MOJE ODLUKE SU U SKLADU SA ZAKONOM\u201c"},"content":{"rendered":"<p>DESPOTOVAC-\u00a0Direktor Doma zdravlja u Despotovcu Dejan Milo\u0161evi\u0107 uz saop\u0161tenje za javnost prilo\u017eio niz dokaza da su njegova odluka o dodeli specijalizacija kandidatima i obavljanje direktorske funkcije sasvim u okviru zakona i time odgovorio na negativnu kampanju u medijima koja se protiv njega vodi nedeljama unazad<\/p>\n<p>Kroz medije se ve\u0107 nekoliko nedelja polemi\u0161e o navodnoj \u201esumnjivoj organizaciji konkursa za specijalizaciju\u201c sprovedenom u Domu zdravlja u Despotovcu. Novinarima se, kako je navedeno u tekstovima, obratila dr Danijela Simi\u0107, jedan od \u0161est kandidata koji su konkurisali za dobijanje specijalizacija, tvrde\u0107i da je u pomenutoj situaciji protiv zakonito o\u0161te\u0107ena.<\/p>\n<div id='gallery-1' class='gallery galleryid-11856 gallery-columns-2 gallery-size-full'><figure class='gallery-item'>\n\t\t\t<div class='gallery-icon portrait'>\n\t\t\t\t<a href='https:\/\/centralmedia.rs\/index.php\/2018\/04\/26\/demant-direktora-doma-zdravlja-u-despotovcu-milosevic-sve-moje-odluke-su-u-skladu-sa-zakonom\/pravilnik\/'><img loading=\"lazy\" decoding=\"async\" width=\"679\" height=\"960\" src=\"https:\/\/centralmedia.rs\/wp-content\/uploads\/2018\/04\/pravilnik.jpg\" class=\"attachment-full size-full\" alt=\"\" srcset=\"https:\/\/centralmedia.rs\/wp-content\/uploads\/2018\/04\/pravilnik.jpg 679w, https:\/\/centralmedia.rs\/wp-content\/uploads\/2018\/04\/pravilnik-212x300.jpg 212w\" sizes=\"(max-width: 679px) 100vw, 679px\" \/><\/a>\n\t\t\t<\/div><\/figure><figure class='gallery-item'>\n\t\t\t<div class='gallery-icon portrait'>\n\t\t\t\t<a href='https:\/\/centralmedia.rs\/index.php\/2018\/04\/26\/demant-direktora-doma-zdravlja-u-despotovcu-milosevic-sve-moje-odluke-su-u-skladu-sa-zakonom\/propisi\/'><img loading=\"lazy\" decoding=\"async\" width=\"679\" height=\"960\" src=\"https:\/\/centralmedia.rs\/wp-content\/uploads\/2018\/04\/propisi.jpg\" class=\"attachment-full size-full\" alt=\"\" srcset=\"https:\/\/centralmedia.rs\/wp-content\/uploads\/2018\/04\/propisi.jpg 679w, https:\/\/centralmedia.rs\/wp-content\/uploads\/2018\/04\/propisi-212x300.jpg 212w\" sizes=\"(max-width: 679px) 100vw, 679px\" \/><\/a>\n\t\t\t<\/div><\/figure>\n\t\t<\/div>\n\n<p>\u201eNakon objavljivanja internog oglasa za dodelu specijalizacija, na oglas se javilo \u0161est doktora medicine: Danijela Simi\u0107, Marina Radosavljevi\u0107, Ivan Anti\u0107, Jelena Belo\u0161evi\u0107, Marija \u0106osi\u0107 i Vladimir Pavkovi\u0107. Stru\u010dna slu\u017eba je izvr\u0161ila bodovanje kandidata na osnovu Pravilnika o stru\u010dnom usavr\u0161avanju i specijalizaciji (br. 293\/2-1 od 29.01.2010. godine). Ve\u0107ina kandidata se prijavila za sve specijalizacije, me\u0111u njima i doktorka Simi\u0107. Pomenuta doktorka je bila prvorangirana za svih pet raspisanih specijalizacija\u201c, zapo\u010dinje svoje saop\u0161tenje direktor Milo\u0161evi\u0107.<\/p>\n<p>\u201eDa je pomenuta doktorka Simi\u0107, konkurisala samo za jednu specijalizaciju koju je \u017eelela \u2013 iz oftalmologije, nju bi bez konkurencije i dobila na osnovu izvr\u0161enog bodovanja. S obzirom da nije bilo tako i da je vi\u0161e razli\u010ditih kandidata \u017eelelo istu specijalizaciju, postupaju\u0107i po \u010dlanu 18. Pravilnika o stru\u010dnom usavr\u0161avanju i specijalizaciji, doktorki Simi\u0107 sam dodelio specijalizaciju iz ginekologije\u201c, nastavlja sa obja\u0161njenjem Milo\u0161evi\u0107.<\/p>\n<div id='gallery-2' class='gallery galleryid-11856 gallery-columns-3 gallery-size-full'><figure class='gallery-item'>\n\t\t\t<div class='gallery-icon portrait'>\n\t\t\t\t<a href='https:\/\/centralmedia.rs\/index.php\/2018\/04\/26\/demant-direktora-doma-zdravlja-u-despotovcu-milosevic-sve-moje-odluke-su-u-skladu-sa-zakonom\/zapisnik\/'><img loading=\"lazy\" decoding=\"async\" width=\"679\" height=\"960\" src=\"https:\/\/centralmedia.rs\/wp-content\/uploads\/2018\/04\/zapisnik.jpg\" class=\"attachment-full size-full\" alt=\"\" srcset=\"https:\/\/centralmedia.rs\/wp-content\/uploads\/2018\/04\/zapisnik.jpg 679w, https:\/\/centralmedia.rs\/wp-content\/uploads\/2018\/04\/zapisnik-212x300.jpg 212w\" sizes=\"(max-width: 679px) 100vw, 679px\" \/><\/a>\n\t\t\t<\/div><\/figure><figure class='gallery-item'>\n\t\t\t<div class='gallery-icon portrait'>\n\t\t\t\t<a href='https:\/\/centralmedia.rs\/index.php\/2018\/04\/26\/demant-direktora-doma-zdravlja-u-despotovcu-milosevic-sve-moje-odluke-su-u-skladu-sa-zakonom\/zapisnik-1\/'><img loading=\"lazy\" decoding=\"async\" width=\"679\" height=\"960\" src=\"https:\/\/centralmedia.rs\/wp-content\/uploads\/2018\/04\/zapisnik-1.jpg\" class=\"attachment-full size-full\" alt=\"\" srcset=\"https:\/\/centralmedia.rs\/wp-content\/uploads\/2018\/04\/zapisnik-1.jpg 679w, https:\/\/centralmedia.rs\/wp-content\/uploads\/2018\/04\/zapisnik-1-212x300.jpg 212w\" sizes=\"(max-width: 679px) 100vw, 679px\" \/><\/a>\n\t\t\t<\/div><\/figure><figure class='gallery-item'>\n\t\t\t<div class='gallery-icon portrait'>\n\t\t\t\t<a href='https:\/\/centralmedia.rs\/index.php\/2018\/04\/26\/demant-direktora-doma-zdravlja-u-despotovcu-milosevic-sve-moje-odluke-su-u-skladu-sa-zakonom\/zapisnik-2\/'><img loading=\"lazy\" decoding=\"async\" width=\"679\" height=\"960\" src=\"https:\/\/centralmedia.rs\/wp-content\/uploads\/2018\/04\/zapisnik-2.jpg\" class=\"attachment-full size-full\" alt=\"\" srcset=\"https:\/\/centralmedia.rs\/wp-content\/uploads\/2018\/04\/zapisnik-2.jpg 679w, https:\/\/centralmedia.rs\/wp-content\/uploads\/2018\/04\/zapisnik-2-212x300.jpg 212w\" sizes=\"(max-width: 679px) 100vw, 679px\" \/><\/a>\n\t\t\t<\/div><\/figure>\n\t\t<\/div>\n\n<p>\u010clan 18. glasi da \u201eukoliko kandidat konkuri\u0161e za dodelu vi\u0161e specijalizacija i ispunjava uslove za dodelu istih (po rang listi), odluku o tome koju \u0107e specijalizaciju tom kandidatu odobriti, donosi direktor Doma zdravlja.\u201c<\/p>\n<p>\u201eKako su se u medijima pojavili i navodi da sam poku\u0161ao da izmenim statut ustanove sebi u prilog, \u017eelim da napomenem da je njegova izmena izvr\u0161ena za vreme mandata prethodnog vr\u0161ioca du\u017enosti direktora Doma zdravlja, doktora Du\u0161ana \u0160ikanje. Izmenjeni \u010dlan 119. novog Statuta Doma zdravlja identi\u010dan je kao \u010dlan 132. Zakona o zdravstvenoj za\u0161titi, ta\u010dnije prepisan od re\u010di do re\u010di. Tako\u0111e, neistinita je i tvrdnja da se na funkciji direktora Doma zdravlja nalazim protivzakonito. Kao direktor, izabran sam u skladu sa \u010dlanom 132. Zakona o zdravstvenoj za\u0161titi koji nala\u017ee da kandidat za poziciju direktora ustanove mora imati najmanje pet godina radnog sta\u017ea u oblasti zdravstvene za\u0161tite. Moj radni sta\u017e do sada broji 26 godina isklju\u010divo u zdravstvenoj delantosti i to u Domu zdravlja\u201c, zaklju\u010dio je Milo\u0161evi\u0107.<\/p>\n<p>O svemu navedenom, o celokupnom procesu izmene statuta i izbora direktora, vr\u0161ena je kontrola od strane zdravstvenog inspektora i nisu utvr\u0111ene nikakve nepravilnosti. Kao neoborive dokaze sa svoje iznete tvrdnje, direktor Milo\u0161evi\u0107 prila\u017ee izvode iz \u010dlana 132. Zakona o zdravstvenoj za\u0161titi i \u010dlana 19. Statuta Doma zdravlja (stari i novi statut) kao i zapisnik zdravstvenog inspektora (br. 2909\/1 od 06.11.2017. godine).<\/p>\n","protected":false},"excerpt":{"rendered":"<p>DESPOTOVAC-\u00a0Direktor Doma zdravlja u Despotovcu Dejan Milo\u0161evi\u0107 uz saop\u0161tenje za javnost prilo\u017eio niz dokaza da su njegova odluka o dodeli specijalizacija kandidatima i obavljanje direktorske &hellip; <\/p>\n","protected":false},"author":4,"featured_media":11857,"comment_status":"open","ping_status":"open","sticky":false,"template":"","format":"standard","meta":{"footnotes":""},"categories":[1518,14,1524,2,12],"tags":[2816,51,228],"_links":{"self":[{"href":"https:\/\/centralmedia.rs\/index.php\/wp-json\/wp\/v2\/posts\/11856"}],"collection":[{"href":"https:\/\/centralmedia.rs\/index.php\/wp-json\/wp\/v2\/posts"}],"about":[{"href":"https:\/\/centralmedia.rs\/index.php\/wp-json\/wp\/v2\/types\/post"}],"author":[{"embeddable":true,"href":"https:\/\/centralmedia.rs\/index.php\/wp-json\/wp\/v2\/users\/4"}],"replies":[{"embeddable":true,"href":"https:\/\/centralmedia.rs\/index.php\/wp-json\/wp\/v2\/comments?post=11856"}],"version-history":[{"count":2,"href":"https:\/\/centralmedia.rs\/index.php\/wp-json\/wp\/v2\/posts\/11856\/revisions"}],"predecessor-version":[{"id":11864,"href":"https:\/\/centralmedia.rs\/index.php\/wp-json\/wp\/v2\/posts\/11856\/revisions\/11864"}],"wp:featuredmedia":[{"embeddable":true,"href":"https:\/\/centralmedia.rs\/index.php\/wp-json\/wp\/v2\/media\/11857"}],"wp:attachment":[{"href":"https:\/\/centralmedia.rs\/index.php\/wp-json\/wp\/v2\/media?parent=11856"}],"wp:term":[{"taxonomy":"category","embeddable":true,"href":"https:\/\/centralmedia.rs\/index.php\/wp-json\/wp\/v2\/categories?post=11856"},{"taxonomy":"post_tag","embeddable":true,"href":"https:\/\/centralmedia.rs\/index.php\/wp-json\/wp\/v2\/tags?post=11856"}],"curies":[{"name":"wp","href":"https:\/\/api.w.org\/{rel}","templated":true}]}}