{"id":1187,"date":"2015-11-16T13:20:49","date_gmt":"2015-11-16T13:20:49","guid":{"rendered":"http:\/\/centralmedia.rs\/?p=1187"},"modified":"2015-11-16T13:20:49","modified_gmt":"2015-11-16T13:20:49","slug":"evropska-unija-obnovila-gimnaziju-u-svilajncu","status":"publish","type":"post","link":"https:\/\/centralmedia.rs\/index.php\/2015\/11\/16\/evropska-unija-obnovila-gimnaziju-u-svilajncu\/","title":{"rendered":"EVROPSKA UNIJA OBNOVILA GIMNAZIJU U SVILAJNCU"},"content":{"rendered":"<p> SVILAJNAC-Posle tromese\u010dnih radova u Svilajncu je u ponedeljak otvorena zgrada  Gimnazije u \u010diju je rekonstrukciju Evropska Unija ulo\u017eila 28 miliona dinara, dok su NIS i Fondacija \u0110okovi\u0107 pomogli opremanje kabineta za hemiju i informatiku. Potpisani su ugovori sa Evropskom Unijom i Fondacijom B92 o rekonstrukciji zgrade Ma\u0161inske \u0161kole.<a href=\"https:\/\/centralmedia.rs\/wp-content\/uploads\/2015\/11\/potpisivanje-ugovora-sa-b92-svilajnac-g.j..jpg\"><img loading=\"lazy\" decoding=\"async\" src=\"https:\/\/centralmedia.rs\/wp-content\/uploads\/2015\/11\/potpisivanje-ugovora-sa-b92-svilajnac-g.j.-300x208.jpg\" alt=\"potpisivanje ugovora sa b92-svilajnac-g.j.\" width=\"300\" height=\"208\" class=\"alignnone size-medium wp-image-1190\" srcset=\"https:\/\/centralmedia.rs\/wp-content\/uploads\/2015\/11\/potpisivanje-ugovora-sa-b92-svilajnac-g.j.-300x208.jpg 300w, https:\/\/centralmedia.rs\/wp-content\/uploads\/2015\/11\/potpisivanje-ugovora-sa-b92-svilajnac-g.j.-100x70.jpg 100w, https:\/\/centralmedia.rs\/wp-content\/uploads\/2015\/11\/potpisivanje-ugovora-sa-b92-svilajnac-g.j.-218x150.jpg 218w, https:\/\/centralmedia.rs\/wp-content\/uploads\/2015\/11\/potpisivanje-ugovora-sa-b92-svilajnac-g.j..jpg 900w\" sizes=\"(max-width: 300px) 100vw, 300px\" \/><\/a><br \/>\n\t-Po\u010detkom naredne godine kre\u0107emo sa izgradnjom fiskulturne sale za u\u010denike Srednje \u0161kole. O\u010dekujem da rekonstrukcija Ma\u0161inske \u0161kole bude zavr\u0161ena do po\u010detka slede\u0107e \u0161kolske godine. Vrednost dosada\u0161njih rekonstrukcija pet \u0161kola, dve u Svilajncu, kao i selima Ku\u0161iljevo, Vojska u Crkvenac je preko pola miliona evra, rekao je predsednik te op\u0161tine Predrag Milanovi\u0107.<br \/>\n<a href=\"https:\/\/centralmedia.rs\/wp-content\/uploads\/2015\/11\/predsednik-opstine-predrag-milanovic-sa-doantorima-i-ucenicima-gimazije-svilajnac-g.j..jpg\"><img loading=\"lazy\" decoding=\"async\" src=\"https:\/\/centralmedia.rs\/wp-content\/uploads\/2015\/11\/predsednik-opstine-predrag-milanovic-sa-doantorima-i-ucenicima-gimazije-svilajnac-g.j.-300x225.jpg\" alt=\"predsednik opstine predrag milanovic sa doantorima i ucenicima gimazije-svilajnac-g.j.\" width=\"300\" height=\"225\" class=\"alignnone size-medium wp-image-1189\" srcset=\"https:\/\/centralmedia.rs\/wp-content\/uploads\/2015\/11\/predsednik-opstine-predrag-milanovic-sa-doantorima-i-ucenicima-gimazije-svilajnac-g.j.-300x225.jpg 300w, https:\/\/centralmedia.rs\/wp-content\/uploads\/2015\/11\/predsednik-opstine-predrag-milanovic-sa-doantorima-i-ucenicima-gimazije-svilajnac-g.j.-1024x768.jpg 1024w, https:\/\/centralmedia.rs\/wp-content\/uploads\/2015\/11\/predsednik-opstine-predrag-milanovic-sa-doantorima-i-ucenicima-gimazije-svilajnac-g.j.-80x60.jpg 80w, https:\/\/centralmedia.rs\/wp-content\/uploads\/2015\/11\/predsednik-opstine-predrag-milanovic-sa-doantorima-i-ucenicima-gimazije-svilajnac-g.j.-265x198.jpg 265w, https:\/\/centralmedia.rs\/wp-content\/uploads\/2015\/11\/predsednik-opstine-predrag-milanovic-sa-doantorima-i-ucenicima-gimazije-svilajnac-g.j..jpg 1200w\" sizes=\"(max-width: 300px) 100vw, 300px\" \/><\/a><br \/>\nPredstavnik kancelarije UN u Srbiji Nastos Andri\u0107 istakao je da uspe\u0161no zavr\u0161ena jo\u0161 jedna rekonstrukcija prosvetnog objekta, kao donacija EU.<br \/>\n-EU je prepoznala staroj zgradi Gimnazije veoma zna\u010dajan objekat koji se nalazi u centru grada i ima vi\u0161egodi\u0161nju tradiciju. Nije samo obavljana sancija od poplave, kao \u0161to je u prvom trenutku planirano, ve\u0107 je ulo\u017eeno mnogo vi\u0161e sredstava da bi Gimnazija dobila uslove koji su pribli\u017eni prosvetnim objektima u EU, objasnio  je Andri\u0107.<br \/>\n<a href=\"https:\/\/centralmedia.rs\/wp-content\/uploads\/2015\/11\/gimnazija-svilajnca-g.j..jpg\"><img loading=\"lazy\" decoding=\"async\" src=\"https:\/\/centralmedia.rs\/wp-content\/uploads\/2015\/11\/gimnazija-svilajnca-g.j.-300x182.jpg\" alt=\"gimnazija-svilajnca-g.j.\" width=\"300\" height=\"182\" class=\"alignnone size-medium wp-image-1191\" srcset=\"https:\/\/centralmedia.rs\/wp-content\/uploads\/2015\/11\/gimnazija-svilajnca-g.j.-300x182.jpg 300w, https:\/\/centralmedia.rs\/wp-content\/uploads\/2015\/11\/gimnazija-svilajnca-g.j.-1024x621.jpg 1024w, https:\/\/centralmedia.rs\/wp-content\/uploads\/2015\/11\/gimnazija-svilajnca-g.j..jpg 1200w\" sizes=\"(max-width: 300px) 100vw, 300px\" \/><\/a><br \/>\nDirektorka te gimnazije  Brankica Stanojevi\u0107 istakla je da je zahvaljuju\u0107i uspesima u\u010denika te \u0161kole Alekse Milosavljevi\u0107a, koji je osvojio prvo mesto na Me\u0111unarodnoj olimpijadi iz hemije, \u0161kola kao donaciju dobila opremljene kabinete iz informatike i hemije.<\/p>\n","protected":false},"excerpt":{"rendered":"<p>SVILAJNAC-Posle tromese\u010dnih radova u Svilajncu je u ponedeljak otvorena zgrada Gimnazije u \u010diju je rekonstrukciju Evropska Unija ulo\u017eila 28 miliona dinara, dok su NIS i &hellip; <\/p>\n","protected":false},"author":4,"featured_media":1188,"comment_status":"open","ping_status":"open","sticky":false,"template":"","format":"standard","meta":{"footnotes":""},"categories":[14,2,12],"tags":[225,224,38],"_links":{"self":[{"href":"https:\/\/centralmedia.rs\/index.php\/wp-json\/wp\/v2\/posts\/1187"}],"collection":[{"href":"https:\/\/centralmedia.rs\/index.php\/wp-json\/wp\/v2\/posts"}],"about":[{"href":"https:\/\/centralmedia.rs\/index.php\/wp-json\/wp\/v2\/types\/post"}],"author":[{"embeddable":true,"href":"https:\/\/centralmedia.rs\/index.php\/wp-json\/wp\/v2\/users\/4"}],"replies":[{"embeddable":true,"href":"https:\/\/centralmedia.rs\/index.php\/wp-json\/wp\/v2\/comments?post=1187"}],"version-history":[{"count":0,"href":"https:\/\/centralmedia.rs\/index.php\/wp-json\/wp\/v2\/posts\/1187\/revisions"}],"wp:featuredmedia":[{"embeddable":true,"href":"https:\/\/centralmedia.rs\/index.php\/wp-json\/wp\/v2\/media\/1188"}],"wp:attachment":[{"href":"https:\/\/centralmedia.rs\/index.php\/wp-json\/wp\/v2\/media?parent=1187"}],"wp:term":[{"taxonomy":"category","embeddable":true,"href":"https:\/\/centralmedia.rs\/index.php\/wp-json\/wp\/v2\/categories?post=1187"},{"taxonomy":"post_tag","embeddable":true,"href":"https:\/\/centralmedia.rs\/index.php\/wp-json\/wp\/v2\/tags?post=1187"}],"curies":[{"name":"wp","href":"https:\/\/api.w.org\/{rel}","templated":true}]}}