{"id":11909,"date":"2018-04-30T18:12:46","date_gmt":"2018-04-30T18:12:46","guid":{"rendered":"http:\/\/centralmedia.rs\/?p=11909"},"modified":"2018-04-30T18:12:46","modified_gmt":"2018-04-30T18:12:46","slug":"eric-u-briselu-sastanak-sa-mekalisterom","status":"publish","type":"post","link":"https:\/\/centralmedia.rs\/index.php\/2018\/04\/30\/eric-u-briselu-sastanak-sa-mekalisterom\/","title":{"rendered":"ERI\u0106 U BRISELU, SASTANAK SA MEKALISTEROM"},"content":{"rendered":"<p>\u0106UPRIJA- Predsednik Op\u0161tine \u0106uprije Ninosla Eri\u0107, kao \u010dlan delegacije NALED-a, sastao se u Briselu sa Dejvidom Mekalisterom izvestiocem Evropskog parlamenta za Srbiju. Na sastanku je Mekalister govorio o napretku Srbije ka Evropskoj uniji i zadacima koje treba obaviti.<\/p>\n<div id='gallery-1' class='gallery galleryid-11909 gallery-columns-3 gallery-size-full'><figure class='gallery-item'>\n\t\t\t<div class='gallery-icon landscape'>\n\t\t\t\t<a href='https:\/\/centralmedia.rs\/index.php\/2018\/04\/30\/eric-u-briselu-sastanak-sa-mekalisterom\/naled-1\/'><img loading=\"lazy\" decoding=\"async\" width=\"960\" height=\"720\" src=\"https:\/\/centralmedia.rs\/wp-content\/uploads\/2018\/04\/naled-1.jpg\" class=\"attachment-full size-full\" alt=\"\" srcset=\"https:\/\/centralmedia.rs\/wp-content\/uploads\/2018\/04\/naled-1.jpg 960w, https:\/\/centralmedia.rs\/wp-content\/uploads\/2018\/04\/naled-1-300x225.jpg 300w, https:\/\/centralmedia.rs\/wp-content\/uploads\/2018\/04\/naled-1-768x576.jpg 768w, https:\/\/centralmedia.rs\/wp-content\/uploads\/2018\/04\/naled-1-80x60.jpg 80w, https:\/\/centralmedia.rs\/wp-content\/uploads\/2018\/04\/naled-1-265x198.jpg 265w\" sizes=\"(max-width: 960px) 100vw, 960px\" \/><\/a>\n\t\t\t<\/div><\/figure><figure class='gallery-item'>\n\t\t\t<div class='gallery-icon landscape'>\n\t\t\t\t<a href='https:\/\/centralmedia.rs\/index.php\/2018\/04\/30\/eric-u-briselu-sastanak-sa-mekalisterom\/naled-2\/'><img loading=\"lazy\" decoding=\"async\" width=\"960\" height=\"720\" src=\"https:\/\/centralmedia.rs\/wp-content\/uploads\/2018\/04\/naled-2.jpg\" class=\"attachment-full size-full\" alt=\"\" srcset=\"https:\/\/centralmedia.rs\/wp-content\/uploads\/2018\/04\/naled-2.jpg 960w, https:\/\/centralmedia.rs\/wp-content\/uploads\/2018\/04\/naled-2-300x225.jpg 300w, https:\/\/centralmedia.rs\/wp-content\/uploads\/2018\/04\/naled-2-768x576.jpg 768w, https:\/\/centralmedia.rs\/wp-content\/uploads\/2018\/04\/naled-2-80x60.jpg 80w, https:\/\/centralmedia.rs\/wp-content\/uploads\/2018\/04\/naled-2-265x198.jpg 265w\" sizes=\"(max-width: 960px) 100vw, 960px\" \/><\/a>\n\t\t\t<\/div><\/figure><figure class='gallery-item'>\n\t\t\t<div class='gallery-icon landscape'>\n\t\t\t\t<a href='https:\/\/centralmedia.rs\/index.php\/2018\/04\/30\/eric-u-briselu-sastanak-sa-mekalisterom\/naled-3\/'><img loading=\"lazy\" decoding=\"async\" width=\"960\" height=\"720\" src=\"https:\/\/centralmedia.rs\/wp-content\/uploads\/2018\/04\/naled-3.jpg\" class=\"attachment-full size-full\" alt=\"\" srcset=\"https:\/\/centralmedia.rs\/wp-content\/uploads\/2018\/04\/naled-3.jpg 960w, https:\/\/centralmedia.rs\/wp-content\/uploads\/2018\/04\/naled-3-300x225.jpg 300w, https:\/\/centralmedia.rs\/wp-content\/uploads\/2018\/04\/naled-3-768x576.jpg 768w, https:\/\/centralmedia.rs\/wp-content\/uploads\/2018\/04\/naled-3-80x60.jpg 80w, https:\/\/centralmedia.rs\/wp-content\/uploads\/2018\/04\/naled-3-265x198.jpg 265w\" sizes=\"(max-width: 960px) 100vw, 960px\" \/><\/a>\n\t\t\t<\/div><\/figure>\n\t\t<\/div>\n\n","protected":false},"excerpt":{"rendered":"<p>\u0106UPRIJA- Predsednik Op\u0161tine \u0106uprije Ninosla Eri\u0107, kao \u010dlan delegacije NALED-a, sastao se u Briselu sa Dejvidom Mekalisterom izvestiocem Evropskog parlamenta za Srbiju. Na sastanku je &hellip; <\/p>\n","protected":false},"author":4,"featured_media":11910,"comment_status":"open","ping_status":"open","sticky":false,"template":"","format":"standard","meta":{"footnotes":""},"categories":[1515,1524,2,13,887,12],"tags":[2830,2829,759],"_links":{"self":[{"href":"https:\/\/centralmedia.rs\/index.php\/wp-json\/wp\/v2\/posts\/11909"}],"collection":[{"href":"https:\/\/centralmedia.rs\/index.php\/wp-json\/wp\/v2\/posts"}],"about":[{"href":"https:\/\/centralmedia.rs\/index.php\/wp-json\/wp\/v2\/types\/post"}],"author":[{"embeddable":true,"href":"https:\/\/centralmedia.rs\/index.php\/wp-json\/wp\/v2\/users\/4"}],"replies":[{"embeddable":true,"href":"https:\/\/centralmedia.rs\/index.php\/wp-json\/wp\/v2\/comments?post=11909"}],"version-history":[{"count":1,"href":"https:\/\/centralmedia.rs\/index.php\/wp-json\/wp\/v2\/posts\/11909\/revisions"}],"predecessor-version":[{"id":11914,"href":"https:\/\/centralmedia.rs\/index.php\/wp-json\/wp\/v2\/posts\/11909\/revisions\/11914"}],"wp:featuredmedia":[{"embeddable":true,"href":"https:\/\/centralmedia.rs\/index.php\/wp-json\/wp\/v2\/media\/11910"}],"wp:attachment":[{"href":"https:\/\/centralmedia.rs\/index.php\/wp-json\/wp\/v2\/media?parent=11909"}],"wp:term":[{"taxonomy":"category","embeddable":true,"href":"https:\/\/centralmedia.rs\/index.php\/wp-json\/wp\/v2\/categories?post=11909"},{"taxonomy":"post_tag","embeddable":true,"href":"https:\/\/centralmedia.rs\/index.php\/wp-json\/wp\/v2\/tags?post=11909"}],"curies":[{"name":"wp","href":"https:\/\/api.w.org\/{rel}","templated":true}]}}